{"id":7216,"date":"2019-03-17T11:45:24","date_gmt":"2019-03-17T10:45:24","guid":{"rendered":"http:\/\/www.urpean.com\/?p=7216"},"modified":"2019-03-17T11:45:42","modified_gmt":"2019-03-17T10:45:42","slug":"en-memoire-de","status":"publish","type":"post","link":"https:\/\/www.urpean.com\/?p=7216","title":{"rendered":"En m\u00e9moire de&#8230;"},"content":{"rendered":"\n<figure class=\"wp-block-image\"><img loading=\"lazy\" decoding=\"async\" width=\"644\" height=\"456\" src=\"http:\/\/www.urpean.com\/wp-content\/uploads\/2019\/03\/Le-quai-dans-les-60-644x456.jpg\" alt=\"\" class=\"wp-image-7223\" srcset=\"https:\/\/www.urpean.com\/wp-content\/uploads\/2019\/03\/Le-quai-dans-les-60-644x456.jpg 644w, https:\/\/www.urpean.com\/wp-content\/uploads\/2019\/03\/Le-quai-dans-les-60-300x212.jpg 300w, https:\/\/www.urpean.com\/wp-content\/uploads\/2019\/03\/Le-quai-dans-les-60-768x543.jpg 768w, https:\/\/www.urpean.com\/wp-content\/uploads\/2019\/03\/Le-quai-dans-les-60.jpg 800w\" sizes=\"auto, (max-width: 644px) 100vw, 644px\" \/><\/figure>\n\n\n\n<p class=\"wp-block-paragraph\">Texte Ulrich BRICE.<\/p>\n\n\n\n<figure class=\"wp-block-image\"><img loading=\"lazy\" decoding=\"async\" width=\"644\" height=\"463\" src=\"http:\/\/www.urpean.com\/wp-content\/uploads\/2019\/03\/1960-07-01_URPEAN-21-644x463.jpg\" alt=\"\" class=\"wp-image-7217\" srcset=\"https:\/\/www.urpean.com\/wp-content\/uploads\/2019\/03\/1960-07-01_URPEAN-21-644x463.jpg 644w, https:\/\/www.urpean.com\/wp-content\/uploads\/2019\/03\/1960-07-01_URPEAN-21-300x216.jpg 300w, https:\/\/www.urpean.com\/wp-content\/uploads\/2019\/03\/1960-07-01_URPEAN-21-768x552.jpg 768w, https:\/\/www.urpean.com\/wp-content\/uploads\/2019\/03\/1960-07-01_URPEAN-21.jpg 800w\" sizes=\"auto, (max-width: 644px) 100vw, 644px\" \/><\/figure>\n\n\n\n<p class=\"wp-block-paragraph\">Deux figures majeures des premi\u00e8res heures d\u2019Urpean nous ont\nquitt\u00e9s&nbsp;!<\/p>\n\n\n\n<p class=\"wp-block-paragraph\">Albert TONELLI&nbsp; il y a\nd\u00e9j\u00e0 quelques temps.<\/p>\n\n\n\n<p class=\"wp-block-paragraph\">Puis Fran\u00e7ois LEINSTER l&rsquo;ann\u00e9e derni\u00e8re.<\/p>\n\n\n\n<p class=\"wp-block-paragraph\">Cela m\u00e9rite un instant pour \u00e9voquer ces deux figures marquantes.<\/p>\n\n\n\n<p class=\"wp-block-paragraph\">\nRien de commun entre&nbsp; L&rsquo;Ouvrier et le Dentiste. Le besogneux et le mondain.\n\n<\/p>\n\n\n\n<p class=\"wp-block-paragraph\"><\/p>\n\n\n\n<p class=\"wp-block-paragraph\"> Albert TONELLI a \u00e9t\u00e9 l&rsquo;un des Fondateurs. <\/p>\n\n\n\n<p class=\"wp-block-paragraph\">\u00ab&nbsp;TOTO&nbsp;\u00bb a \u00e9t\u00e9 l&rsquo;\u00ab&nbsp;homme de la\npaperasse&nbsp;\u00bb de Urpean d\u00e9butant, et, dou\u00e9 entre autre pour le dessin et les\nmaquettes, son coup de crayon a permis la cr\u00e9ation du logo qui existe toujours.<\/p>\n\n\n\n<p class=\"wp-block-paragraph\">Pompier plongeur volontaire, il a naturellement donn\u00e9 son\ntemps libre au club. Et son caract\u00e8re \u00ab&nbsp;bourru&nbsp;\u00bb et rigoureux rappelait\naux jeunes que la plong\u00e9e est un sport s\u00e9rieux. Ses \u00ab&nbsp;coups de\ngueule&nbsp;\u00bb m\u00e9morables sont autant de souvenirs que de remerciements.<\/p>\n\n\n\n<p class=\"wp-block-paragraph\">Et l&rsquo;homme discret a quitt\u00e9 l&rsquo;horizon de la plong\u00e9e.&nbsp; Nous l&rsquo;avons retrouv\u00e9 avec&nbsp; bonheur&nbsp;\nchez les v\u00e9t\u00e9rans.<\/p>\n\n\n\n<figure class=\"wp-block-image\"><img loading=\"lazy\" decoding=\"async\" width=\"644\" height=\"427\" src=\"http:\/\/www.urpean.com\/wp-content\/uploads\/2019\/03\/2006-03-31_CREATION-COMMISSION-VETERAN-13-644x427.jpg\" alt=\"\" class=\"wp-image-7218\" srcset=\"https:\/\/www.urpean.com\/wp-content\/uploads\/2019\/03\/2006-03-31_CREATION-COMMISSION-VETERAN-13-644x427.jpg 644w, https:\/\/www.urpean.com\/wp-content\/uploads\/2019\/03\/2006-03-31_CREATION-COMMISSION-VETERAN-13-300x199.jpg 300w, https:\/\/www.urpean.com\/wp-content\/uploads\/2019\/03\/2006-03-31_CREATION-COMMISSION-VETERAN-13-768x510.jpg 768w, https:\/\/www.urpean.com\/wp-content\/uploads\/2019\/03\/2006-03-31_CREATION-COMMISSION-VETERAN-13.jpg 800w\" sizes=\"auto, (max-width: 644px) 100vw, 644px\" \/><\/figure>\n\n\n\n<figure class=\"wp-block-image\"><img loading=\"lazy\" decoding=\"async\" width=\"443\" height=\"600\" src=\"http:\/\/www.urpean.com\/wp-content\/uploads\/2019\/03\/1960-07-01_URPEAN-26.jpg\" alt=\"\" class=\"wp-image-7219\" srcset=\"https:\/\/www.urpean.com\/wp-content\/uploads\/2019\/03\/1960-07-01_URPEAN-26.jpg 443w, https:\/\/www.urpean.com\/wp-content\/uploads\/2019\/03\/1960-07-01_URPEAN-26-222x300.jpg 222w\" sizes=\"auto, (max-width: 443px) 100vw, 443px\" \/><\/figure>\n\n\n\n<figure class=\"wp-block-image\"><img loading=\"lazy\" decoding=\"async\" width=\"644\" height=\"429\" src=\"http:\/\/www.urpean.com\/wp-content\/uploads\/2019\/03\/1960-07-01_URPEAN-11-644x429.jpg\" alt=\"\" class=\"wp-image-7220\" srcset=\"https:\/\/www.urpean.com\/wp-content\/uploads\/2019\/03\/1960-07-01_URPEAN-11-644x429.jpg 644w, https:\/\/www.urpean.com\/wp-content\/uploads\/2019\/03\/1960-07-01_URPEAN-11-300x200.jpg 300w, https:\/\/www.urpean.com\/wp-content\/uploads\/2019\/03\/1960-07-01_URPEAN-11-768x512.jpg 768w, https:\/\/www.urpean.com\/wp-content\/uploads\/2019\/03\/1960-07-01_URPEAN-11.jpg 800w\" sizes=\"auto, (max-width: 644px) 100vw, 644px\" \/><\/figure>\n\n\n\n<figure class=\"wp-block-image\"><img loading=\"lazy\" decoding=\"async\" width=\"435\" height=\"600\" src=\"http:\/\/www.urpean.com\/wp-content\/uploads\/2019\/03\/1960-07-01_URPEAN-7.jpg\" alt=\"\" class=\"wp-image-7221\" srcset=\"https:\/\/www.urpean.com\/wp-content\/uploads\/2019\/03\/1960-07-01_URPEAN-7.jpg 435w, https:\/\/www.urpean.com\/wp-content\/uploads\/2019\/03\/1960-07-01_URPEAN-7-218x300.jpg 218w\" sizes=\"auto, (max-width: 435px) 100vw, 435px\" \/><\/figure>\n\n\n\n<figure class=\"wp-block-image\"><img loading=\"lazy\" decoding=\"async\" width=\"644\" height=\"456\" src=\"http:\/\/www.urpean.com\/wp-content\/uploads\/2019\/03\/img154-644x456.jpg\" alt=\"\" class=\"wp-image-7222\" srcset=\"https:\/\/www.urpean.com\/wp-content\/uploads\/2019\/03\/img154-644x456.jpg 644w, https:\/\/www.urpean.com\/wp-content\/uploads\/2019\/03\/img154-300x212.jpg 300w, https:\/\/www.urpean.com\/wp-content\/uploads\/2019\/03\/img154-768x543.jpg 768w, https:\/\/www.urpean.com\/wp-content\/uploads\/2019\/03\/img154.jpg 800w\" sizes=\"auto, (max-width: 644px) 100vw, 644px\" \/><\/figure>\n\n\n\n<p class=\"wp-block-paragraph\"> <\/p>\n\n\n\n<p class=\"wp-block-paragraph\"> Puis ce fut Panxoa. <\/p>\n\n\n\n<p class=\"wp-block-paragraph\">Fran\u00e7ois LEINSTER a \u00e9t\u00e9 Pr\u00e9sident quelques ann\u00e9es plus tard.<\/p>\n\n\n\n<p class=\"wp-block-paragraph\">Pr\u00e9sident Urpean de 1979 \u00e0 1984, la grande majorit\u00e9 des soci\u00e9taires actuels ne l&rsquo;ont pas connu.<\/p>\n\n\n\n<p class=\"wp-block-paragraph\">Les anciens s&rsquo;en souviennent.<\/p>\n\n\n\n<p class=\"wp-block-paragraph\">Nous nous rappellerons les grandes soir\u00e9es autour de sa\npiscine, o\u00f9 tout le club se retrouvait.<\/p>\n\n\n\n<p class=\"wp-block-paragraph\">Son bateau en annexe des \u00ab&nbsp;deux jumeaux&nbsp;\u00bb quand le\nnombre de plongeurs d\u00e9passait nos capacit\u00e9s, et toutes les activit\u00e9s de\nl&rsquo;\u00e9poque o\u00f9 il \u00e9tait toujours pr\u00e9sent.<\/p>\n\n\n\n<p class=\"wp-block-paragraph\">Pour les V\u00e9t\u00e9rans, Panxoa restera le merveilleux conteur qui\nnous a passionn\u00e9s de ses anecdotes sur les plis g\u00e9ologiques des falaises\nbasques, la Grande Guerre, Napol\u00e9on III, et tant de choses qui nous rappelaient\nla chance que nous avons eu de le c\u00f4toyer.<\/p>\n\n\n\n<p class=\"wp-block-paragraph\">Convivial, chaleureux et g\u00e9n\u00e9reux&nbsp;; c&rsquo;est ce que nous\ngarderons de notre ami.<\/p>\n\n\n<p><br \/><br \/><\/p>\n\n\n<p class=\"wp-block-paragraph\"> <\/p>\n\n\n\n<figure class=\"wp-block-image\"><img loading=\"lazy\" decoding=\"async\" width=\"644\" height=\"427\" src=\"http:\/\/www.urpean.com\/wp-content\/uploads\/2019\/03\/2006-03-31_CREATION-COMMISSION-VETERAN-17-644x427.jpg\" alt=\"\" class=\"wp-image-7224\" srcset=\"https:\/\/www.urpean.com\/wp-content\/uploads\/2019\/03\/2006-03-31_CREATION-COMMISSION-VETERAN-17-644x427.jpg 644w, https:\/\/www.urpean.com\/wp-content\/uploads\/2019\/03\/2006-03-31_CREATION-COMMISSION-VETERAN-17-300x199.jpg 300w, https:\/\/www.urpean.com\/wp-content\/uploads\/2019\/03\/2006-03-31_CREATION-COMMISSION-VETERAN-17-768x510.jpg 768w, https:\/\/www.urpean.com\/wp-content\/uploads\/2019\/03\/2006-03-31_CREATION-COMMISSION-VETERAN-17.jpg 800w\" sizes=\"auto, (max-width: 644px) 100vw, 644px\" \/><\/figure>\n\n\n\n<figure class=\"wp-block-image\"><img loading=\"lazy\" decoding=\"async\" width=\"644\" height=\"440\" src=\"http:\/\/www.urpean.com\/wp-content\/uploads\/2019\/03\/1970-07-01_URPEAN-25-644x440.jpg\" alt=\"\" class=\"wp-image-7225\" srcset=\"https:\/\/www.urpean.com\/wp-content\/uploads\/2019\/03\/1970-07-01_URPEAN-25-644x440.jpg 644w, https:\/\/www.urpean.com\/wp-content\/uploads\/2019\/03\/1970-07-01_URPEAN-25-300x205.jpg 300w, https:\/\/www.urpean.com\/wp-content\/uploads\/2019\/03\/1970-07-01_URPEAN-25-768x525.jpg 768w, https:\/\/www.urpean.com\/wp-content\/uploads\/2019\/03\/1970-07-01_URPEAN-25.jpg 800w\" sizes=\"auto, (max-width: 644px) 100vw, 644px\" \/><figcaption>De gauche \u00e0 droite: Christiane Leinster, Fran\u00e7oise Noblet, Fran\u00e7ois Leinster, fille Leinster.<\/figcaption><\/figure>\n\n\n\n<p class=\"wp-block-paragraph\"><br><\/p>\n\n\n\n<p class=\"wp-block-paragraph\">Ils partagent dor\u00e9navant avec Jacky leurs souvenirs passionn\u00e9s d&rsquo;Urpean.<\/p>\n\n\n\n<figure class=\"wp-block-image\"><img loading=\"lazy\" decoding=\"async\" width=\"644\" height=\"423\" src=\"http:\/\/www.urpean.com\/wp-content\/uploads\/2019\/03\/1991-05-01_URPEAN-1-2-644x423.jpg\" alt=\"\" class=\"wp-image-7226\" srcset=\"https:\/\/www.urpean.com\/wp-content\/uploads\/2019\/03\/1991-05-01_URPEAN-1-2-644x423.jpg 644w, https:\/\/www.urpean.com\/wp-content\/uploads\/2019\/03\/1991-05-01_URPEAN-1-2-300x197.jpg 300w, https:\/\/www.urpean.com\/wp-content\/uploads\/2019\/03\/1991-05-01_URPEAN-1-2-768x505.jpg 768w, https:\/\/www.urpean.com\/wp-content\/uploads\/2019\/03\/1991-05-01_URPEAN-1-2.jpg 800w\" sizes=\"auto, (max-width: 644px) 100vw, 644px\" \/><\/figure>\n\n\n\n<figure class=\"wp-block-image\"><img loading=\"lazy\" decoding=\"async\" width=\"644\" height=\"427\" src=\"http:\/\/www.urpean.com\/wp-content\/uploads\/2019\/03\/2006-03-31_CREATION-COMMISSION-VETERAN-11-644x427.jpg\" alt=\"\" class=\"wp-image-7227\" srcset=\"https:\/\/www.urpean.com\/wp-content\/uploads\/2019\/03\/2006-03-31_CREATION-COMMISSION-VETERAN-11-644x427.jpg 644w, https:\/\/www.urpean.com\/wp-content\/uploads\/2019\/03\/2006-03-31_CREATION-COMMISSION-VETERAN-11-300x199.jpg 300w, https:\/\/www.urpean.com\/wp-content\/uploads\/2019\/03\/2006-03-31_CREATION-COMMISSION-VETERAN-11-768x510.jpg 768w, https:\/\/www.urpean.com\/wp-content\/uploads\/2019\/03\/2006-03-31_CREATION-COMMISSION-VETERAN-11.jpg 800w\" sizes=\"auto, (max-width: 644px) 100vw, 644px\" \/><\/figure>\n\n\n\n<figure class=\"wp-block-image\"><img loading=\"lazy\" decoding=\"async\" width=\"644\" height=\"427\" src=\"http:\/\/www.urpean.com\/wp-content\/uploads\/2019\/03\/DSC_0005-644x427.jpg\" alt=\"\" class=\"wp-image-7228\" srcset=\"https:\/\/www.urpean.com\/wp-content\/uploads\/2019\/03\/DSC_0005-644x427.jpg 644w, https:\/\/www.urpean.com\/wp-content\/uploads\/2019\/03\/DSC_0005-300x199.jpg 300w, https:\/\/www.urpean.com\/wp-content\/uploads\/2019\/03\/DSC_0005-768x510.jpg 768w, https:\/\/www.urpean.com\/wp-content\/uploads\/2019\/03\/DSC_0005.jpg 800w\" sizes=\"auto, (max-width: 644px) 100vw, 644px\" \/><\/figure>\n\n\n\n<figure class=\"wp-block-image\"><img loading=\"lazy\" decoding=\"async\" width=\"644\" height=\"428\" src=\"http:\/\/www.urpean.com\/wp-content\/uploads\/2019\/03\/2006-06-24_URPEAN-30-Modifier-644x428.jpg\" alt=\"\" class=\"wp-image-7229\" srcset=\"https:\/\/www.urpean.com\/wp-content\/uploads\/2019\/03\/2006-06-24_URPEAN-30-Modifier-644x428.jpg 644w, https:\/\/www.urpean.com\/wp-content\/uploads\/2019\/03\/2006-06-24_URPEAN-30-Modifier-300x200.jpg 300w, https:\/\/www.urpean.com\/wp-content\/uploads\/2019\/03\/2006-06-24_URPEAN-30-Modifier-768x511.jpg 768w, https:\/\/www.urpean.com\/wp-content\/uploads\/2019\/03\/2006-06-24_URPEAN-30-Modifier.jpg 800w\" sizes=\"auto, (max-width: 644px) 100vw, 644px\" \/><\/figure>\n","protected":false},"excerpt":{"rendered":"<p>Texte Ulrich BRICE. Deux figures majeures des premi\u00e8res heures d\u2019Urpean nous ont quitt\u00e9s&nbsp;! Albert TONELLI&nbsp; il y a d\u00e9j\u00e0 quelques temps. Puis Fran\u00e7ois LEINSTER l&rsquo;ann\u00e9e derni\u00e8re. Cela m\u00e9rite un instant pour \u00e9voquer ces deux figures marquantes. Rien de commun entre&nbsp; L&rsquo;Ouvrier et le Dentiste. Le besogneux et le mondain. Albert TONELLI a \u00e9t\u00e9 l&rsquo;un des&#8230;<\/p>\n","protected":false},"author":6,"featured_media":0,"comment_status":"open","ping_status":"open","sticky":false,"template":"","format":"standard","meta":{"_crdt_document":"","ngg_post_thumbnail":0,"footnotes":""},"categories":[1],"tags":[],"class_list":["post-7216","post","type-post","status-publish","format-standard","hentry","category-non-classe"],"views":1481,"_links":{"self":[{"href":"https:\/\/www.urpean.com\/index.php?rest_route=\/wp\/v2\/posts\/7216","targetHints":{"allow":["GET"]}}],"collection":[{"href":"https:\/\/www.urpean.com\/index.php?rest_route=\/wp\/v2\/posts"}],"about":[{"href":"https:\/\/www.urpean.com\/index.php?rest_route=\/wp\/v2\/types\/post"}],"author":[{"embeddable":true,"href":"https:\/\/www.urpean.com\/index.php?rest_route=\/wp\/v2\/users\/6"}],"replies":[{"embeddable":true,"href":"https:\/\/www.urpean.com\/index.php?rest_route=%2Fwp%2Fv2%2Fcomments&post=7216"}],"version-history":[{"count":2,"href":"https:\/\/www.urpean.com\/index.php?rest_route=\/wp\/v2\/posts\/7216\/revisions"}],"predecessor-version":[{"id":7232,"href":"https:\/\/www.urpean.com\/index.php?rest_route=\/wp\/v2\/posts\/7216\/revisions\/7232"}],"wp:attachment":[{"href":"https:\/\/www.urpean.com\/index.php?rest_route=%2Fwp%2Fv2%2Fmedia&parent=7216"}],"wp:term":[{"taxonomy":"category","embeddable":true,"href":"https:\/\/www.urpean.com\/index.php?rest_route=%2Fwp%2Fv2%2Fcategories&post=7216"},{"taxonomy":"post_tag","embeddable":true,"href":"https:\/\/www.urpean.com\/index.php?rest_route=%2Fwp%2Fv2%2Ftags&post=7216"}],"curies":[{"name":"wp","href":"https:\/\/api.w.org\/{rel}","templated":true}]}}