{"id":732,"date":"2009-12-04T15:03:35","date_gmt":"2009-12-04T14:03:35","guid":{"rendered":"http:\/\/www.urpean.com\/?p=732"},"modified":"2009-12-04T15:03:35","modified_gmt":"2009-12-04T14:03:35","slug":"decouverte-de-la-rioja-le-22-novembre-dernier","status":"publish","type":"post","link":"https:\/\/www.urpean.com\/?p=732","title":{"rendered":"D\u00e9couverte de la Rioja le 22 Novembre dernier"},"content":{"rendered":"<p><strong>De<\/strong> m\u00eame qu\u2019il serait impensable de s\u2019adonner \u00e0 notre loisir pr\u00e9f\u00e9r\u00e9, la plong\u00e9e, sans un minimum de connaissance, une\u00a0 trilogie de choc\u00a0: Jacky, Ramon et Mikel\u00a0 ont justement pens\u00e9 qu\u2019il serait peut \u00eatre judicieux de conna\u00eetre quelques rudiments d\u2019une autre\u00a0 passion\u00a0\u00a0 qui nous unit : le vin, par une journ\u00e9e oenologique dans les caves de la Rioja<\/p>\n<p>Bus \u00e0 08h00, 24 \u00e9lus, deux heures de route splendide entre vall\u00e9es et montagnes nous conduisent\u00a0 aux confins\u00a0 de l\u2019Alava.<\/p>\n<p>Passage touristique dans le village de <strong>San Vicente de Arana<\/strong>,\u00a0 place fortifi\u00e9e du XI \u00e9me si\u00e8cle. Le paysage et les couleurs nous prouvent que nous avons quitt\u00e9 la c\u00f4te atlantique, verte et temp\u00e9r\u00e9e, pour l\u2019int\u00e9rieur des terres avec ses grands espaces, rouges, jaunes, plus arides et m\u00e9diterran\u00e9ens.<\/p>\n<p>Les temp\u00e9ratures y sont aussi\u00a0 beaucoup plus extr\u00eame\u00a0: on se g\u00e8le en haut du village\u00a0!<\/p>\n<p>Il faudra la visite des caves de <strong>IZADI \u00e0 Villabuena de Alava <\/strong> pour nous r\u00e9chauffer.<\/p>\n<p>La jeune et jolie h\u00f4tesse\u00a0 nous rappelle les\u00a0 \u00e9tapes\u00a0 qui transforment un fruit sympathique en breuvage divin. Le moment que nous attendions tous (mais si\u00a0!) est la d\u00e9gustation qui suit la visite. Pi\u00e8ce chaleureuse, grands verres, belles tables, pain et rondelles de chorizo \u00e0 disposition pour accompagner le vin, blanc d\u2019abord, rouge ensuite.<\/p>\n<p>C\u2019est \u00e0 partir de ce moment que le coffre du bus commencera \u00e0 se remplir, et le niveau sonore du groupe \u00e0 augmenter sensiblement.<\/p>\n<p>Nous arrivons pour d\u00e9jeuner au domaine de <strong>REMELLURI<\/strong>, \u00e0 Labastida<\/p>\n<p>Visite de la cave. Les entrep\u00f4ts sont en longueur. Les enfilades de barriques en ch\u00eane sont impressionnantes\u00a0!<\/p>\n<p>Le site, vallonn\u00e9, les b\u00e2timents bas et\u00a0 presque cach\u00e9s sous leurs tuiles romaines, les ifs longilignes, les vignes grimpantes ont quelque chose d\u2019italien.<\/p>\n<p>Nous d\u00e9gustons des entr\u00e9es vari\u00e9es, des cotes d\u2019agneaux grill\u00e9es \u00e0 point, dessert, caf\u00e9, digestifs, etc.\u2026. le tout accompagn\u00e9 de l\u2019excellent Rouge du domaine.<\/p>\n<p>Il fait presque nuit quand nous regagnons le car, encore plus charg\u00e9 (le car) des derni\u00e8res caisses de <em>souvenirs.<\/em><\/p>\n<p><em>Ulrich<\/em><\/p>\n","protected":false},"excerpt":{"rendered":"<p>De m\u00eame qu\u2019il serait impensable de s\u2019adonner \u00e0 notre loisir pr\u00e9f\u00e9r\u00e9, la plong\u00e9e, sans un minimum de connaissance, une\u00a0 trilogie de choc\u00a0: Jacky, Ramon et Mikel\u00a0 ont justement pens\u00e9 qu\u2019il serait peut \u00eatre judicieux de conna\u00eetre quelques rudiments d\u2019une autre\u00a0 passion\u00a0\u00a0 qui nous unit : le vin, par une journ\u00e9e oenologique dans les caves de&#8230;<\/p>\n","protected":false},"author":3,"featured_media":0,"comment_status":"open","ping_status":"open","sticky":false,"template":"","format":"standard","meta":{"_crdt_document":"","ngg_post_thumbnail":0,"footnotes":""},"categories":[5],"tags":[],"class_list":["post-732","post","type-post","status-publish","format-standard","hentry","category-vie-du-club"],"views":2237,"_links":{"self":[{"href":"https:\/\/www.urpean.com\/index.php?rest_route=\/wp\/v2\/posts\/732","targetHints":{"allow":["GET"]}}],"collection":[{"href":"https:\/\/www.urpean.com\/index.php?rest_route=\/wp\/v2\/posts"}],"about":[{"href":"https:\/\/www.urpean.com\/index.php?rest_route=\/wp\/v2\/types\/post"}],"author":[{"embeddable":true,"href":"https:\/\/www.urpean.com\/index.php?rest_route=\/wp\/v2\/users\/3"}],"replies":[{"embeddable":true,"href":"https:\/\/www.urpean.com\/index.php?rest_route=%2Fwp%2Fv2%2Fcomments&post=732"}],"version-history":[{"count":0,"href":"https:\/\/www.urpean.com\/index.php?rest_route=\/wp\/v2\/posts\/732\/revisions"}],"wp:attachment":[{"href":"https:\/\/www.urpean.com\/index.php?rest_route=%2Fwp%2Fv2%2Fmedia&parent=732"}],"wp:term":[{"taxonomy":"category","embeddable":true,"href":"https:\/\/www.urpean.com\/index.php?rest_route=%2Fwp%2Fv2%2Fcategories&post=732"},{"taxonomy":"post_tag","embeddable":true,"href":"https:\/\/www.urpean.com\/index.php?rest_route=%2Fwp%2Fv2%2Ftags&post=732"}],"curies":[{"name":"wp","href":"https:\/\/api.w.org\/{rel}","templated":true}]}}