{"id":75,"date":"2008-04-20T13:26:56","date_gmt":"2008-04-20T12:26:56","guid":{"rendered":"http:\/\/www.urpean.com\/?p=75"},"modified":"2008-04-20T13:26:56","modified_gmt":"2008-04-20T12:26:56","slug":"festival-international-de-cinema-sous-marin-a-irun","status":"publish","type":"post","link":"https:\/\/www.urpean.com\/?p=75","title":{"rendered":"Festival international de cin\u00e9ma sous-marin \u00e0 Irun"},"content":{"rendered":"<p>Cette semaine, ne manquez pas le festival international de cin\u00e9ma sous-marin \u00e0 Irun. Du 22 au 25 Avril, d\u00e8s 19h30 auront lieu des projections au centre culturel Amaia d&rsquo;Irun.<\/p>\n","protected":false},"excerpt":{"rendered":"<p>Cette semaine, ne manquez pas le festival international de cin\u00e9ma sous-marin \u00e0 Irun. Du 22 au 25 Avril, d\u00e8s 19h30 auront lieu des projections au centre culturel Amaia d&rsquo;Irun.<\/p>\n","protected":false},"author":1,"featured_media":0,"comment_status":"open","ping_status":"open","sticky":false,"template":"","format":"standard","meta":{"_crdt_document":"","ngg_post_thumbnail":0,"footnotes":""},"categories":[7],"tags":[],"class_list":["post-75","post","type-post","status-publish","format-standard","hentry","category-photo-ss-marine"],"views":2338,"_links":{"self":[{"href":"https:\/\/www.urpean.com\/index.php?rest_route=\/wp\/v2\/posts\/75","targetHints":{"allow":["GET"]}}],"collection":[{"href":"https:\/\/www.urpean.com\/index.php?rest_route=\/wp\/v2\/posts"}],"about":[{"href":"https:\/\/www.urpean.com\/index.php?rest_route=\/wp\/v2\/types\/post"}],"author":[{"embeddable":true,"href":"https:\/\/www.urpean.com\/index.php?rest_route=\/wp\/v2\/users\/1"}],"replies":[{"embeddable":true,"href":"https:\/\/www.urpean.com\/index.php?rest_route=%2Fwp%2Fv2%2Fcomments&post=75"}],"version-history":[{"count":0,"href":"https:\/\/www.urpean.com\/index.php?rest_route=\/wp\/v2\/posts\/75\/revisions"}],"wp:attachment":[{"href":"https:\/\/www.urpean.com\/index.php?rest_route=%2Fwp%2Fv2%2Fmedia&parent=75"}],"wp:term":[{"taxonomy":"category","embeddable":true,"href":"https:\/\/www.urpean.com\/index.php?rest_route=%2Fwp%2Fv2%2Fcategories&post=75"},{"taxonomy":"post_tag","embeddable":true,"href":"https:\/\/www.urpean.com\/index.php?rest_route=%2Fwp%2Fv2%2Ftags&post=75"}],"curies":[{"name":"wp","href":"https:\/\/api.w.org\/{rel}","templated":true}]}}