{"id":7890,"date":"2019-09-07T15:53:13","date_gmt":"2019-09-07T14:53:13","guid":{"rendered":"http:\/\/www.urpean.com\/?p=7890"},"modified":"2019-09-07T15:53:41","modified_gmt":"2019-09-07T14:53:41","slug":"sortie-journee-au-morutier-le-15-septembre","status":"publish","type":"post","link":"https:\/\/www.urpean.com\/?p=7890","title":{"rendered":"Sortie journ\u00e9e au Morutier le 15 septembre"},"content":{"rendered":"<p>Le club organise la derni\u00e8re sortie journ\u00e9e de la saison sur le l&rsquo;\u00e9pave du Morutier \u00e0 Biarritz (CRUZ SEGUNDO). La sortie est r\u00e9serv\u00e9e aux plongeurs N3 minimum ayant r\u00e9guli\u00e8rement et r\u00e9cemment plong\u00e9s sur 40m, un phare par plongeur sera demand\u00e9. La plong\u00e9e du retour se fera sur le site de Belharra. Les inscriptions se font pr\u00e9alablement par mail sur club.urpean@wanadoo.fr Le rdv au club sera donn\u00e9 \u00e0 8h30, pr\u00e9voir casse cro\u00fbte et suppl\u00e9ment gasoil de 3\u20ac\/personne. Le club rappel que les d\u00e9tendeurs club ne pourront pas \u00eatre utilis\u00e9s sur cette sortie.<\/p>\n<p><a href=\"http:\/\/www.urpean.com\/wp-content\/uploads\/2019\/09\/2007-08-12_MORUTIER_63.jpg\"><img loading=\"lazy\" decoding=\"async\" class=\"alignnone size-medium wp-image-7893\" src=\"http:\/\/www.urpean.com\/wp-content\/uploads\/2019\/09\/2007-08-12_MORUTIER_63-200x300.jpg\" alt=\"\" width=\"200\" height=\"300\" srcset=\"https:\/\/www.urpean.com\/wp-content\/uploads\/2019\/09\/2007-08-12_MORUTIER_63-200x300.jpg 200w, https:\/\/www.urpean.com\/wp-content\/uploads\/2019\/09\/2007-08-12_MORUTIER_63.jpg 334w\" sizes=\"auto, (max-width: 200px) 100vw, 200px\" \/><\/a> <a href=\"http:\/\/www.urpean.com\/wp-content\/uploads\/2019\/09\/2007-08-12_MORUTIER_68.jpg\"><img loading=\"lazy\" decoding=\"async\" class=\"alignnone size-medium wp-image-7894\" src=\"http:\/\/www.urpean.com\/wp-content\/uploads\/2019\/09\/2007-08-12_MORUTIER_68-300x201.jpg\" alt=\"\" width=\"300\" height=\"201\" srcset=\"https:\/\/www.urpean.com\/wp-content\/uploads\/2019\/09\/2007-08-12_MORUTIER_68-300x201.jpg 300w, https:\/\/www.urpean.com\/wp-content\/uploads\/2019\/09\/2007-08-12_MORUTIER_68-644x431.jpg 644w, https:\/\/www.urpean.com\/wp-content\/uploads\/2019\/09\/2007-08-12_MORUTIER_68.jpg 700w\" sizes=\"auto, (max-width: 300px) 100vw, 300px\" \/><\/a><\/p>\n","protected":false},"excerpt":{"rendered":"<p>Le club organise la derni\u00e8re sortie journ\u00e9e de la saison sur le l&rsquo;\u00e9pave du Morutier \u00e0 Biarritz (CRUZ SEGUNDO). La sortie est r\u00e9serv\u00e9e aux plongeurs N3 minimum ayant r\u00e9guli\u00e8rement et r\u00e9cemment plong\u00e9s sur 40m, un phare par plongeur sera demand\u00e9. La plong\u00e9e du retour se fera sur le site de Belharra. Les inscriptions se font&#8230;<\/p>\n","protected":false},"author":71,"featured_media":0,"comment_status":"open","ping_status":"open","sticky":false,"template":"","format":"standard","meta":{"_crdt_document":"","ngg_post_thumbnail":0,"footnotes":""},"categories":[1],"tags":[],"class_list":["post-7890","post","type-post","status-publish","format-standard","hentry","category-non-classe"],"views":1263,"_links":{"self":[{"href":"https:\/\/www.urpean.com\/index.php?rest_route=\/wp\/v2\/posts\/7890","targetHints":{"allow":["GET"]}}],"collection":[{"href":"https:\/\/www.urpean.com\/index.php?rest_route=\/wp\/v2\/posts"}],"about":[{"href":"https:\/\/www.urpean.com\/index.php?rest_route=\/wp\/v2\/types\/post"}],"author":[{"embeddable":true,"href":"https:\/\/www.urpean.com\/index.php?rest_route=\/wp\/v2\/users\/71"}],"replies":[{"embeddable":true,"href":"https:\/\/www.urpean.com\/index.php?rest_route=%2Fwp%2Fv2%2Fcomments&post=7890"}],"version-history":[{"count":3,"href":"https:\/\/www.urpean.com\/index.php?rest_route=\/wp\/v2\/posts\/7890\/revisions"}],"predecessor-version":[{"id":7896,"href":"https:\/\/www.urpean.com\/index.php?rest_route=\/wp\/v2\/posts\/7890\/revisions\/7896"}],"wp:attachment":[{"href":"https:\/\/www.urpean.com\/index.php?rest_route=%2Fwp%2Fv2%2Fmedia&parent=7890"}],"wp:term":[{"taxonomy":"category","embeddable":true,"href":"https:\/\/www.urpean.com\/index.php?rest_route=%2Fwp%2Fv2%2Fcategories&post=7890"},{"taxonomy":"post_tag","embeddable":true,"href":"https:\/\/www.urpean.com\/index.php?rest_route=%2Fwp%2Fv2%2Ftags&post=7890"}],"curies":[{"name":"wp","href":"https:\/\/api.w.org\/{rel}","templated":true}]}}