{"id":790,"date":"2010-02-16T18:06:41","date_gmt":"2010-02-16T17:06:41","guid":{"rendered":"http:\/\/www.urpean.com\/?p=790"},"modified":"2010-02-16T18:06:41","modified_gmt":"2010-02-16T17:06:41","slug":"l-hirrugarrena-en-calle-seche-ce-mardi-16-fevrier","status":"publish","type":"post","link":"https:\/\/www.urpean.com\/?p=790","title":{"rendered":"L\u2019 Hirrugarrena en calle s\u00e8che ce mardi 16 f\u00e9vrier"},"content":{"rendered":"<p>Sous la direction du ma\u00eetre d\u2019\u0153uvre Papou assist\u00e9 de Jean-Michel, Jacky, Eric, Ulrich, Be\u00f1at et moi l\u2019Hirrugarrena est maintenant en calle s\u00e8che dans la zone technique.<\/p>\n<p>Il vous attend nombreux pour lui refaire une beaut\u00e9. Vous trouverez dans l\u2019onglet \u00ab\u00a0Agenda\u00a0\u00bb les disponibilit\u00e9s de notre ma\u00eetre d\u2019\u0153uvre afin de l\u2019aider dans ces multiples taches.<\/p>\n<p>La peinture, les pinceaux, les camions, le papier de verre etc\u2026 sont d\u00e9j\u00e0 \u00e0 votre disposition.<\/p>\n<p><a class=\"thickbox\" href=\"http:\/\/www.urpean.com\/wp-content\/gallery\/hirrugarrena-en-calle-seche-1622010\/urpean-21.jpg\"><img decoding=\"async\" class=\"ngg-singlepic ngg-left\" src=\"http:\/\/www.urpean.com\/wp-content\/gallery\/hirrugarrena-en-calle-seche-1622010\/thumbs\/thumbs_urpean-21.jpg\" alt=\"urpean-21\" \/><\/a> <a class=\"thickbox\" href=\"http:\/\/www.urpean.com\/wp-content\/gallery\/hirrugarrena-en-calle-seche-1622010\/urpean-22.jpg\"><img decoding=\"async\" class=\"ngg-singlepic ngg-left\" src=\"http:\/\/www.urpean.com\/wp-content\/gallery\/hirrugarrena-en-calle-seche-1622010\/thumbs\/thumbs_urpean-22.jpg\" alt=\"urpean-22\" \/><\/a> <a class=\"thickbox\" href=\"http:\/\/www.urpean.com\/wp-content\/gallery\/hirrugarrena-en-calle-seche-1622010\/urpean-23.jpg\"><img decoding=\"async\" class=\"ngg-singlepic ngg-left\" src=\"http:\/\/www.urpean.com\/wp-content\/gallery\/hirrugarrena-en-calle-seche-1622010\/thumbs\/thumbs_urpean-23.jpg\" alt=\"urpean-23\" \/><\/a> <a class=\"thickbox\" href=\"http:\/\/www.urpean.com\/wp-content\/gallery\/hirrugarrena-en-calle-seche-1622010\/urpean-24.jpg\"><img decoding=\"async\" class=\"ngg-singlepic ngg-left\" src=\"http:\/\/www.urpean.com\/wp-content\/gallery\/hirrugarrena-en-calle-seche-1622010\/thumbs\/thumbs_urpean-24.jpg\" alt=\"urpean-24\" \/><\/a> <a class=\"thickbox\" href=\"http:\/\/www.urpean.com\/wp-content\/gallery\/hirrugarrena-en-calle-seche-1622010\/urpean-25.jpg\"><img decoding=\"async\" class=\"ngg-singlepic ngg-left\" src=\"http:\/\/www.urpean.com\/wp-content\/gallery\/hirrugarrena-en-calle-seche-1622010\/thumbs\/thumbs_urpean-25.jpg\" alt=\"urpean-25\" \/><\/a> <a class=\"thickbox\" href=\"http:\/\/www.urpean.com\/wp-content\/gallery\/hirrugarrena-en-calle-seche-1622010\/urpean-26.jpg\"><img decoding=\"async\" class=\"ngg-singlepic ngg-left\" src=\"http:\/\/www.urpean.com\/wp-content\/gallery\/hirrugarrena-en-calle-seche-1622010\/thumbs\/thumbs_urpean-26.jpg\" alt=\"urpean-26\" \/><\/a><\/p>\n<p><strong>A vos salopettes<\/strong><\/p>\n<p style=\"text-align: left;\"><strong><br \/>\n<\/strong><\/p>\n<p style=\"text-align: left;\"><strong>JB<\/strong><\/p>\n","protected":false},"excerpt":{"rendered":"<p>Sous la direction du ma\u00eetre d\u2019\u0153uvre Papou assist\u00e9 de Jean-Michel, Jacky, Eric, Ulrich, Be\u00f1at et moi l\u2019Hirrugarrena est maintenant en calle s\u00e8che dans la zone technique. Il vous attend nombreux pour lui refaire une beaut\u00e9. Vous trouverez dans l\u2019onglet \u00ab\u00a0Agenda\u00a0\u00bb les disponibilit\u00e9s de notre ma\u00eetre d\u2019\u0153uvre afin de l\u2019aider dans ces multiples taches. La peinture,&#8230;<\/p>\n","protected":false},"author":3,"featured_media":0,"comment_status":"open","ping_status":"open","sticky":false,"template":"","format":"standard","meta":{"_crdt_document":"","ngg_post_thumbnail":0,"footnotes":""},"categories":[5],"tags":[],"class_list":["post-790","post","type-post","status-publish","format-standard","hentry","category-vie-du-club"],"views":2252,"_links":{"self":[{"href":"https:\/\/www.urpean.com\/index.php?rest_route=\/wp\/v2\/posts\/790","targetHints":{"allow":["GET"]}}],"collection":[{"href":"https:\/\/www.urpean.com\/index.php?rest_route=\/wp\/v2\/posts"}],"about":[{"href":"https:\/\/www.urpean.com\/index.php?rest_route=\/wp\/v2\/types\/post"}],"author":[{"embeddable":true,"href":"https:\/\/www.urpean.com\/index.php?rest_route=\/wp\/v2\/users\/3"}],"replies":[{"embeddable":true,"href":"https:\/\/www.urpean.com\/index.php?rest_route=%2Fwp%2Fv2%2Fcomments&post=790"}],"version-history":[{"count":0,"href":"https:\/\/www.urpean.com\/index.php?rest_route=\/wp\/v2\/posts\/790\/revisions"}],"wp:attachment":[{"href":"https:\/\/www.urpean.com\/index.php?rest_route=%2Fwp%2Fv2%2Fmedia&parent=790"}],"wp:term":[{"taxonomy":"category","embeddable":true,"href":"https:\/\/www.urpean.com\/index.php?rest_route=%2Fwp%2Fv2%2Fcategories&post=790"},{"taxonomy":"post_tag","embeddable":true,"href":"https:\/\/www.urpean.com\/index.php?rest_route=%2Fwp%2Fv2%2Ftags&post=790"}],"curies":[{"name":"wp","href":"https:\/\/api.w.org\/{rel}","templated":true}]}}