{"id":8190,"date":"2020-06-28T19:38:46","date_gmt":"2020-06-28T18:38:46","guid":{"rendered":"http:\/\/www.urpean.com\/?p=8190"},"modified":"2020-06-28T19:39:21","modified_gmt":"2020-06-28T18:39:21","slug":"organisation-estivale","status":"publish","type":"post","link":"https:\/\/www.urpean.com\/?p=8190","title":{"rendered":"ORGANISATION ESTIVALE"},"content":{"rendered":"\n<p class=\"wp-block-paragraph\">Les membres du bureau en r\u00e9union vendredi soir ont planch\u00e9 sur l&rsquo;organisation du club pour les mois de juillet\/Ao\u00fbt.<\/p>\n\n\n\n<p class=\"wp-block-paragraph\">Cet \u00e9t\u00e9 comme d\u00e9j\u00e0 annonc\u00e9, les sorties se feront suivant les disponibilit\u00e9s des permanents b\u00e9n\u00e9voles. Merci \u00e0 eux de se manifester sans tarder aupr\u00e8s de Bixente. <\/p>\n\n\n\n<p class=\"wp-block-paragraph\"><strong>Il n&rsquo;y aura pas de relance<\/strong> et la sortie sera assur\u00e9e uniquement si les 3 postes (secr\u00e9tariat\/pilote\/DP) sont pourvus.<\/p>\n\n\n\n<p class=\"wp-block-paragraph\">Pour les plongeurs, les jours et heures de sorties, seront consultables en ligne via l&rsquo;onglet \u00ab\u00a0le club\u00a0\u00bb puis \u00ab\u00a0agenda 2020 URPEAN\u00a0\u00bb.<\/p>\n\n\n\n<p class=\"wp-block-paragraph\">Le nombre de plongeurs \u00e0 bord restera limit\u00e9 \u00e0 20, <strong>sans r\u00e9servation pr\u00e9alable.<\/strong> Ne soyez pas en retard!<\/p>\n\n\n\n<p class=\"wp-block-paragraph\">Les plongeurs en formation N1 sont prioritaires pour finaliser leur niveau <strong>avant le 15 juillet.<\/strong><\/p>\n\n\n\n<p class=\"wp-block-paragraph\">Les N2 et N3 feront leurs plong\u00e9es techniques selon les disponibilit\u00e9s des moniteurs. Les personnes concern\u00e9es sont invit\u00e9es \u00e0 s&rsquo;adresser \u00e0 leur r\u00e9f\u00e9rent: Mikel pour les N2, Bixente pour les N3.<\/p>\n\n\n\n<p class=\"wp-block-paragraph\"><strong>Les plong\u00e9es de 18h00<\/strong> (mardi et jeudi) sont r\u00e9serv\u00e9es aux plongeurs autonomes ou encadr\u00e9s \u00e0 40M.<\/p>\n\n\n\n<p class=\"wp-block-paragraph\"><strong>Pour les plong\u00e9es de nuit<\/strong> (tous niveaux), une lampe est obligatoire pour chaque plongeur.<\/p>\n\n\n\n<p class=\"wp-block-paragraph\"><strong>Les sorties journ\u00e9es<\/strong> (en g\u00e9n\u00e9ral le dimanche) sont mentionn\u00e9es sur l&rsquo;agenda du site. La r\u00e9servation est n\u00e9cessaire (15 plongeurs max), en venant s&rsquo;inscrire au secr\u00e9tariat au club. Un suppl\u00e9ment \u00ab\u00a0gas oil\u00a0\u00bb (2 \u00e0 3\u20ac) est demand\u00e9 avant le d\u00e9part.<\/p>\n\n\n\n<p class=\"wp-block-paragraph\">Nous demandons \u00e0 chacun, s&rsquo;il ne l&rsquo;a pas encore fait, de signer au secr\u00e9tariat une attestation relative \u00e0 <strong>l&rsquo;auto-questionnaire<\/strong> de reprise de la plong\u00e9e dans le contexte COVID 19. <a href=\"https:\/\/ffessm.fr\/uploads\/media\/docs\/0001\/05\/6c5df69429697f0718c7f9d7fd8447ecc6d082e0.pdf\">https:\/\/ffessm.fr\/uploads\/media\/docs\/0001\/05\/6c5df69429697f0718c7f9d7fd8447ecc6d082e0.pdf<\/a><\/p>\n\n\n\n<p class=\"wp-block-paragraph\">En ce qui concerne le txoko, l&rsquo;acc\u00e8s est r\u00e9serv\u00e9 aux membres \u00e0 jour de leur cotisation et aux personnes accompagnant ces membres. <b>Une d\u00e9sinfection minutieuse est obligatoire d\u00e8s l&rsquo;arriv\u00e9e<\/b> (mat\u00e9riel dans la cuisine).<\/p>\n\n\n\n<p class=\"wp-block-paragraph\">Les membres du bureau vous souhaitent \u00e0 tous un bel \u00e9t\u00e9 ! <\/p>\n\n\n\n<figure class=\"wp-block-image size-large\"><img loading=\"lazy\" decoding=\"async\" width=\"600\" height=\"400\" src=\"http:\/\/www.urpean.com\/wp-content\/uploads\/2019\/04\/2019-03-05_SHAAB_RUMI-17.jpg\" alt=\"\" class=\"wp-image-7280\" srcset=\"https:\/\/www.urpean.com\/wp-content\/uploads\/2019\/04\/2019-03-05_SHAAB_RUMI-17.jpg 600w, https:\/\/www.urpean.com\/wp-content\/uploads\/2019\/04\/2019-03-05_SHAAB_RUMI-17-300x200.jpg 300w\" sizes=\"auto, (max-width: 600px) 100vw, 600px\" \/><\/figure>\n\n\n\n<p class=\"wp-block-paragraph\"><\/p>\n","protected":false},"excerpt":{"rendered":"<p>Les membres du bureau en r\u00e9union vendredi soir ont planch\u00e9 sur l&rsquo;organisation du club pour les mois de juillet\/Ao\u00fbt. Cet \u00e9t\u00e9 comme d\u00e9j\u00e0 annonc\u00e9, les sorties se feront suivant les disponibilit\u00e9s des permanents b\u00e9n\u00e9voles. Merci \u00e0 eux de se manifester sans tarder aupr\u00e8s de Bixente. Il n&rsquo;y aura pas de relance et la sortie sera&#8230;<\/p>\n","protected":false},"author":66,"featured_media":0,"comment_status":"closed","ping_status":"open","sticky":false,"template":"","format":"standard","meta":{"_crdt_document":"","ngg_post_thumbnail":0,"footnotes":""},"categories":[1],"tags":[],"class_list":["post-8190","post","type-post","status-publish","format-standard","hentry","category-non-classe"],"views":1240,"_links":{"self":[{"href":"https:\/\/www.urpean.com\/index.php?rest_route=\/wp\/v2\/posts\/8190","targetHints":{"allow":["GET"]}}],"collection":[{"href":"https:\/\/www.urpean.com\/index.php?rest_route=\/wp\/v2\/posts"}],"about":[{"href":"https:\/\/www.urpean.com\/index.php?rest_route=\/wp\/v2\/types\/post"}],"author":[{"embeddable":true,"href":"https:\/\/www.urpean.com\/index.php?rest_route=\/wp\/v2\/users\/66"}],"replies":[{"embeddable":true,"href":"https:\/\/www.urpean.com\/index.php?rest_route=%2Fwp%2Fv2%2Fcomments&post=8190"}],"version-history":[{"count":24,"href":"https:\/\/www.urpean.com\/index.php?rest_route=\/wp\/v2\/posts\/8190\/revisions"}],"predecessor-version":[{"id":8215,"href":"https:\/\/www.urpean.com\/index.php?rest_route=\/wp\/v2\/posts\/8190\/revisions\/8215"}],"wp:attachment":[{"href":"https:\/\/www.urpean.com\/index.php?rest_route=%2Fwp%2Fv2%2Fmedia&parent=8190"}],"wp:term":[{"taxonomy":"category","embeddable":true,"href":"https:\/\/www.urpean.com\/index.php?rest_route=%2Fwp%2Fv2%2Fcategories&post=8190"},{"taxonomy":"post_tag","embeddable":true,"href":"https:\/\/www.urpean.com\/index.php?rest_route=%2Fwp%2Fv2%2Ftags&post=8190"}],"curies":[{"name":"wp","href":"https:\/\/api.w.org\/{rel}","templated":true}]}}