{"id":8388,"date":"2021-01-17T17:25:30","date_gmt":"2021-01-17T16:25:30","guid":{"rendered":"http:\/\/www.urpean.com\/?p=8388"},"modified":"2021-01-17T17:25:58","modified_gmt":"2021-01-17T16:25:58","slug":"biodiversite-marine-cote-basque-2","status":"publish","type":"post","link":"https:\/\/www.urpean.com\/?p=8388","title":{"rendered":"Biodiversit\u00e9 marine c\u00f4te Basque."},"content":{"rendered":"\n<p class=\"wp-block-paragraph\">Le jeudi 14 janvier 2021 a eu lieu l\u2019annonce du r\u00e9sultat des laur\u00e9ats du premier budget participatif du d\u00e9partement des Pyr\u00e9n\u00e9es Atlantiques.<\/p>\n\n\n\n<p class=\"wp-block-paragraph\">Une enveloppe de 1&nbsp;500&nbsp;000,00 \u20ac \u00e9tait allou\u00e9e pour des projets citoyens afin de poursuivre ou de d\u00e9velopper des initiatives.<\/p>\n\n\n\n<p class=\"wp-block-paragraph\">Ces projets \u00e9taient soumis aux votes des r\u00e9sidents de notre d\u00e9partement.<\/p>\n\n\n\n<p class=\"wp-block-paragraph\">Le comit\u00e9 d\u00e9partemental 64 de la f\u00e9d\u00e9ration Fran\u00e7aise d\u2019\u00e9tudes et de sports sous-marins y a particip\u00e9 dans la th\u00e9matique environnement.<\/p>\n\n\n\n<p class=\"wp-block-paragraph\">L\u2019obtention de ces fonds suppl\u00e9mentaires viendrait aider \u00e0 financer l\u2019enqu\u00eate scientifique du projet de r\u00e9serve marine, que nous portons depuis huit ans sur la zone des Briquets \u00e0 Hendaye.<\/p>\n\n\n\n<p class=\"wp-block-paragraph\">Une fois de plus ce projet a \u00e9t\u00e9 pl\u00e9biscit\u00e9 par la population, puisque nous avons \u00e9t\u00e9 retenus comme laur\u00e9ats&nbsp;!<\/p>\n\n\n\n<p class=\"wp-block-paragraph\">Cette somme acquise nous permettra d\u2019investir dans du mat\u00e9riel pour nous aider \u00e0 continuer les comptages des poissons et le relev\u00e9 des substrats, pour faire un point z\u00e9ro de toute cette zone, aid\u00e9 et soutenu par le CRIOBE\/CNRS.<\/p>\n\n\n\n<p class=\"wp-block-paragraph\">Nous remercions toutes les personnes qui ont vot\u00e9 pour ce projet de d\u00e9veloppement durable qui vient soutenir l\u2019absolue n\u00e9cessit\u00e9 de se doter d\u2019une r\u00e9serve marine (zone de protection forte) sur la c\u00f4te Basque.<\/p>\n\n\n\n<p class=\"wp-block-paragraph\"><a href=\"https:\/\/drive.google.com\/file\/d\/1ILheOBO1ha5HGh-xZrgLlqPHwacmD1FG\/view\">https:\/\/drive.google.com\/file\/d\/1ILheOBO1ha5HGh-xZrgLlqPHwacmD1FG\/view<\/a><\/p>\n\n\n\n<p class=\"wp-block-paragraph\"><\/p>\n\n\n\n<figure class=\"wp-block-image size-large\"><a href=\"http:\/\/www.urpean.com\/wp-content\/uploads\/2021\/01\/2013-08-22_ETXE_HANDI-11.jpg\"><img loading=\"lazy\" decoding=\"async\" width=\"644\" height=\"428\" src=\"http:\/\/www.urpean.com\/wp-content\/uploads\/2021\/01\/2013-08-22_ETXE_HANDI-11-644x428.jpg\" alt=\"\" class=\"wp-image-8390\" srcset=\"https:\/\/www.urpean.com\/wp-content\/uploads\/2021\/01\/2013-08-22_ETXE_HANDI-11-644x428.jpg 644w, https:\/\/www.urpean.com\/wp-content\/uploads\/2021\/01\/2013-08-22_ETXE_HANDI-11-300x199.jpg 300w, https:\/\/www.urpean.com\/wp-content\/uploads\/2021\/01\/2013-08-22_ETXE_HANDI-11-768x510.jpg 768w, https:\/\/www.urpean.com\/wp-content\/uploads\/2021\/01\/2013-08-22_ETXE_HANDI-11.jpg 1200w\" sizes=\"auto, (max-width: 644px) 100vw, 644px\" \/><\/a><\/figure>\n\n\n\n<figure class=\"wp-block-image size-large\"><a href=\"http:\/\/www.urpean.com\/wp-content\/uploads\/2021\/01\/2010-04-22_LA-PLAGE-5.jpg\"><img loading=\"lazy\" decoding=\"async\" width=\"644\" height=\"428\" src=\"http:\/\/www.urpean.com\/wp-content\/uploads\/2021\/01\/2010-04-22_LA-PLAGE-5-644x428.jpg\" alt=\"\" class=\"wp-image-8391\" srcset=\"https:\/\/www.urpean.com\/wp-content\/uploads\/2021\/01\/2010-04-22_LA-PLAGE-5-644x428.jpg 644w, https:\/\/www.urpean.com\/wp-content\/uploads\/2021\/01\/2010-04-22_LA-PLAGE-5-300x200.jpg 300w, https:\/\/www.urpean.com\/wp-content\/uploads\/2021\/01\/2010-04-22_LA-PLAGE-5-768x511.jpg 768w, https:\/\/www.urpean.com\/wp-content\/uploads\/2021\/01\/2010-04-22_LA-PLAGE-5.jpg 1200w\" sizes=\"auto, (max-width: 644px) 100vw, 644px\" \/><\/a><\/figure>\n\n\n\n<figure class=\"wp-block-image size-large\"><a href=\"http:\/\/www.urpean.com\/wp-content\/uploads\/2021\/01\/2014-05-17_CAP_BIOSNAR-3.jpg\"><img loading=\"lazy\" decoding=\"async\" width=\"644\" height=\"428\" src=\"http:\/\/www.urpean.com\/wp-content\/uploads\/2021\/01\/2014-05-17_CAP_BIOSNAR-3-644x428.jpg\" alt=\"\" class=\"wp-image-8392\" srcset=\"https:\/\/www.urpean.com\/wp-content\/uploads\/2021\/01\/2014-05-17_CAP_BIOSNAR-3-644x428.jpg 644w, https:\/\/www.urpean.com\/wp-content\/uploads\/2021\/01\/2014-05-17_CAP_BIOSNAR-3-300x199.jpg 300w, https:\/\/www.urpean.com\/wp-content\/uploads\/2021\/01\/2014-05-17_CAP_BIOSNAR-3-768x510.jpg 768w, https:\/\/www.urpean.com\/wp-content\/uploads\/2021\/01\/2014-05-17_CAP_BIOSNAR-3.jpg 1200w\" sizes=\"auto, (max-width: 644px) 100vw, 644px\" \/><\/a><\/figure>\n\n\n","protected":false},"excerpt":{"rendered":"<p>Le jeudi 14 janvier 2021 a eu lieu l\u2019annonce du r\u00e9sultat des laur\u00e9ats du premier budget participatif du d\u00e9partement des Pyr\u00e9n\u00e9es Atlantiques. Une enveloppe de 1&nbsp;500&nbsp;000,00 \u20ac \u00e9tait allou\u00e9e pour des projets citoyens afin de poursuivre ou de d\u00e9velopper des initiatives. Ces projets \u00e9taient soumis aux votes des r\u00e9sidents de notre d\u00e9partement. Le comit\u00e9 d\u00e9partemental&#8230;<\/p>\n","protected":false},"author":6,"featured_media":0,"comment_status":"closed","ping_status":"open","sticky":false,"template":"","format":"standard","meta":{"_crdt_document":"","ngg_post_thumbnail":0,"footnotes":""},"categories":[1],"tags":[],"class_list":["post-8388","post","type-post","status-publish","format-standard","hentry","category-non-classe"],"views":1785,"_links":{"self":[{"href":"https:\/\/www.urpean.com\/index.php?rest_route=\/wp\/v2\/posts\/8388","targetHints":{"allow":["GET"]}}],"collection":[{"href":"https:\/\/www.urpean.com\/index.php?rest_route=\/wp\/v2\/posts"}],"about":[{"href":"https:\/\/www.urpean.com\/index.php?rest_route=\/wp\/v2\/types\/post"}],"author":[{"embeddable":true,"href":"https:\/\/www.urpean.com\/index.php?rest_route=\/wp\/v2\/users\/6"}],"replies":[{"embeddable":true,"href":"https:\/\/www.urpean.com\/index.php?rest_route=%2Fwp%2Fv2%2Fcomments&post=8388"}],"version-history":[{"count":1,"href":"https:\/\/www.urpean.com\/index.php?rest_route=\/wp\/v2\/posts\/8388\/revisions"}],"predecessor-version":[{"id":8393,"href":"https:\/\/www.urpean.com\/index.php?rest_route=\/wp\/v2\/posts\/8388\/revisions\/8393"}],"wp:attachment":[{"href":"https:\/\/www.urpean.com\/index.php?rest_route=%2Fwp%2Fv2%2Fmedia&parent=8388"}],"wp:term":[{"taxonomy":"category","embeddable":true,"href":"https:\/\/www.urpean.com\/index.php?rest_route=%2Fwp%2Fv2%2Fcategories&post=8388"},{"taxonomy":"post_tag","embeddable":true,"href":"https:\/\/www.urpean.com\/index.php?rest_route=%2Fwp%2Fv2%2Ftags&post=8388"}],"curies":[{"name":"wp","href":"https:\/\/api.w.org\/{rel}","templated":true}]}}