{"id":8410,"date":"2021-03-08T08:52:24","date_gmt":"2021-03-08T07:52:24","guid":{"rendered":"http:\/\/www.urpean.com\/?p=8410"},"modified":"2021-03-08T08:52:47","modified_gmt":"2021-03-08T07:52:47","slug":"asturriaga-fait-peau-neuve","status":"publish","type":"post","link":"https:\/\/www.urpean.com\/?p=8410","title":{"rendered":"ASTURRIAGA FAIT PEAU NEUVE"},"content":{"rendered":"\n<p class=\"wp-block-paragraph\">Comme chaque ann\u00e9e, notre bateau (le plus beau de la r\u00e9gion, comme tout le monde le sait!) doit \u00eatre nettoy\u00e9 de fond en comble avant de red\u00e9marrer la saison (d\u00e9but avril). Les responsables bateau (Bixente et Jean-Pierre) ont besoin de toutes les bonnes volont\u00e9s d\u00e8s ce vendredi, afin de mener \u00e0 bien toutes les op\u00e9rations.<br>Le programme sera le suivant: <br>Vendredi 12 Mars: rendez-vous \u00e0 14h pour la sortie de l&rsquo;eau, pr\u00e9paration et nettoyage au Karcher.<br>Samedi 13 Mars: rendez-vous 9h00. On prendra le temps de partager un caf\u00e9 puis on attaquera les travaux de peinture, antifouling, nettoyage cabine, remise en \u00e9tat des \u00e9chelles et des boiseries.<br>Si tout se passe bien, tout sera termin\u00e9 vers 13h ou 14h. Casse-cro\u00fbte ensuite au Txoko avec ce que chacun aura amen\u00e9.<\/p>\n\n\n\n<p class=\"wp-block-paragraph\">N&rsquo;h\u00e9sitez pas \u00e0 envoyer un SMS pour vous signaler! 06.88.74.68.69.<\/p>\n\n\n\n<p class=\"wp-block-paragraph\"><br><\/p>\n\n\n\n<figure class=\"wp-block-image size-large\"><a href=\"http:\/\/www.urpean.com\/wp-content\/uploads\/2020\/03\/IMG_370311.jpg\"><img loading=\"lazy\" decoding=\"async\" width=\"600\" height=\"800\" src=\"http:\/\/www.urpean.com\/wp-content\/uploads\/2020\/03\/IMG_370311.jpg\" alt=\"\" class=\"wp-image-8056\" srcset=\"https:\/\/www.urpean.com\/wp-content\/uploads\/2020\/03\/IMG_370311.jpg 600w, https:\/\/www.urpean.com\/wp-content\/uploads\/2020\/03\/IMG_370311-225x300.jpg 225w\" sizes=\"auto, (max-width: 600px) 100vw, 600px\" \/><\/a><\/figure>\n","protected":false},"excerpt":{"rendered":"<p>Comme chaque ann\u00e9e, notre bateau (le plus beau de la r\u00e9gion, comme tout le monde le sait!) doit \u00eatre nettoy\u00e9 de fond en comble avant de red\u00e9marrer la saison (d\u00e9but avril). Les responsables bateau (Bixente et Jean-Pierre) ont besoin de toutes les bonnes volont\u00e9s d\u00e8s ce vendredi, afin de mener \u00e0 bien toutes les op\u00e9rations.Le&#8230;<\/p>\n","protected":false},"author":66,"featured_media":0,"comment_status":"closed","ping_status":"open","sticky":false,"template":"","format":"standard","meta":{"_crdt_document":"","ngg_post_thumbnail":0,"footnotes":""},"categories":[1],"tags":[],"class_list":["post-8410","post","type-post","status-publish","format-standard","hentry","category-non-classe"],"views":1412,"_links":{"self":[{"href":"https:\/\/www.urpean.com\/index.php?rest_route=\/wp\/v2\/posts\/8410","targetHints":{"allow":["GET"]}}],"collection":[{"href":"https:\/\/www.urpean.com\/index.php?rest_route=\/wp\/v2\/posts"}],"about":[{"href":"https:\/\/www.urpean.com\/index.php?rest_route=\/wp\/v2\/types\/post"}],"author":[{"embeddable":true,"href":"https:\/\/www.urpean.com\/index.php?rest_route=\/wp\/v2\/users\/66"}],"replies":[{"embeddable":true,"href":"https:\/\/www.urpean.com\/index.php?rest_route=%2Fwp%2Fv2%2Fcomments&post=8410"}],"version-history":[{"count":6,"href":"https:\/\/www.urpean.com\/index.php?rest_route=\/wp\/v2\/posts\/8410\/revisions"}],"predecessor-version":[{"id":8417,"href":"https:\/\/www.urpean.com\/index.php?rest_route=\/wp\/v2\/posts\/8410\/revisions\/8417"}],"wp:attachment":[{"href":"https:\/\/www.urpean.com\/index.php?rest_route=%2Fwp%2Fv2%2Fmedia&parent=8410"}],"wp:term":[{"taxonomy":"category","embeddable":true,"href":"https:\/\/www.urpean.com\/index.php?rest_route=%2Fwp%2Fv2%2Fcategories&post=8410"},{"taxonomy":"post_tag","embeddable":true,"href":"https:\/\/www.urpean.com\/index.php?rest_route=%2Fwp%2Fv2%2Ftags&post=8410"}],"curies":[{"name":"wp","href":"https:\/\/api.w.org\/{rel}","templated":true}]}}