{"id":8541,"date":"2021-08-15T19:11:48","date_gmt":"2021-08-15T18:11:48","guid":{"rendered":"https:\/\/www.urpean.com\/?p=8541"},"modified":"2021-08-15T19:12:11","modified_gmt":"2021-08-15T18:12:11","slug":"julien-julia-nous-a-quitte","status":"publish","type":"post","link":"https:\/\/www.urpean.com\/?p=8541","title":{"rendered":"Julien Julia nous a quitt\u00e9"},"content":{"rendered":"\n\n\n<figure class=\"wp-block-image size-large\"><a href=\"https:\/\/www.urpean.com\/wp-content\/uploads\/2021\/08\/IMG_20210806_191905-scaled.jpg\"><img loading=\"lazy\" decoding=\"async\" width=\"644\" height=\"394\" src=\"https:\/\/www.urpean.com\/wp-content\/uploads\/2021\/08\/IMG_20210806_191905-644x394.jpg\" alt=\"\" class=\"wp-image-8546\" srcset=\"https:\/\/www.urpean.com\/wp-content\/uploads\/2021\/08\/IMG_20210806_191905-644x394.jpg 644w, https:\/\/www.urpean.com\/wp-content\/uploads\/2021\/08\/IMG_20210806_191905-300x184.jpg 300w, https:\/\/www.urpean.com\/wp-content\/uploads\/2021\/08\/IMG_20210806_191905-768x470.jpg 768w, https:\/\/www.urpean.com\/wp-content\/uploads\/2021\/08\/IMG_20210806_191905-1536x940.jpg 1536w, https:\/\/www.urpean.com\/wp-content\/uploads\/2021\/08\/IMG_20210806_191905-2048x1254.jpg 2048w\" sizes=\"auto, (max-width: 644px) 100vw, 644px\" \/><\/a><\/figure>\n\n\n\n\n\n<figure class=\"wp-block-image size-large\"><a href=\"https:\/\/www.urpean.com\/wp-content\/uploads\/2021\/08\/IMG_20210806_191930-scaled.jpg\"><img loading=\"lazy\" decoding=\"async\" width=\"644\" height=\"426\" src=\"https:\/\/www.urpean.com\/wp-content\/uploads\/2021\/08\/IMG_20210806_191930-644x426.jpg\" alt=\"\" class=\"wp-image-8545\" srcset=\"https:\/\/www.urpean.com\/wp-content\/uploads\/2021\/08\/IMG_20210806_191930-644x426.jpg 644w, https:\/\/www.urpean.com\/wp-content\/uploads\/2021\/08\/IMG_20210806_191930-300x199.jpg 300w, https:\/\/www.urpean.com\/wp-content\/uploads\/2021\/08\/IMG_20210806_191930-768x509.jpg 768w, https:\/\/www.urpean.com\/wp-content\/uploads\/2021\/08\/IMG_20210806_191930-1536x1017.jpg 1536w, https:\/\/www.urpean.com\/wp-content\/uploads\/2021\/08\/IMG_20210806_191930-2048x1356.jpg 2048w\" sizes=\"auto, (max-width: 644px) 100vw, 644px\" \/><\/a><\/figure>\n\n\n\n<p>Notre V\u00e9t\u00e9ran en Chef nous a quitt\u00e9, \u00e0 97 ans. Comme quoi la plong\u00e9e&#8230;&#8230;&#8230;&#8230;&#8230;.<\/p>\n<p>Le personnage \u00e9tait riche et complexe. Il ne laissait personne indiff\u00e9rent.<\/p>\n<p>Il incarnait \u00e0 la fois le respect, la curiosit\u00e9, et l&rsquo;admiration pour sa vie foisonnante.<\/p>\n<p>Il participa au lancement du club avec l&rsquo;apport du premier bateau, le Manuelcho.<\/p>\n<p>Il mit \u00e0 notre disposition du mat\u00e9riel de plong\u00e9e que les Normes actuelles rejetteraient en bloc, mais qui nous a permis, nous aussi, de p\u00e9n\u00e9trer \u00ab&nbsp;Le Monde Du Silence&nbsp;\u00bb.<\/p>\n<p>Il participa \u00e0 la formation des premiers plongeurs avec Piper et valida les premiers dipl\u00f4mes par son statut de moniteur FEDAS et FFESSM.<\/p>\n<p>Julien \u00e9tait un Sensible Exigeant. Quelques querelles m\u00e9morables en sont t\u00e9moins.<\/p>\n<p>C\u2019\u00e9tait avant tout et un amoureux de la vie.<\/p>\n<p>Pour preuve une po\u00e9sie parfois \u00ab&nbsp;d\u00e9routante&nbsp;\u00bb et des discussions que la morale d&rsquo;aujourd&rsquo;hui serait capable de r\u00e9prouver.<\/p>\n<p>Trait de son caract\u00e8re de Vieux Sage qu&rsquo;il aimait \u00e0 donner, l&rsquo;histoire du po\u00e8me \u00ab Le vieux Plongeur \u00bb<\/p>\n<p>D&rsquo;un incident entre l&rsquo;un de nos Fondateurs qui se fit presque \u00ab&nbsp;jeter&nbsp;\u00bb par le moniteur pr\u00e9sent, probablement saisonnier, alors qu&rsquo;il voulait entrer et voir&nbsp;ce qu&rsquo;\u00e9tait devenu \u00ab&nbsp;son&nbsp;\u00bb club;<\/p>\n<p>Julien le transforma \u00e0 son image pour en faire ce magnifique po\u00e8me.<\/p>\n<p>C\u2019\u00e9tait \u00e7a. Julien.<\/p>\n<p>Salut, l&rsquo;Ancien&nbsp;!<\/p>\n<p>Ulrich Brice<\/p>\n<hr>\n<p><strong>&#8211; LE VIEUX PLONGEUR \u2013<\/strong><\/p>\n<p>Le Vieux Plongeur passa devant la porte.<br>Il vit l\u2019\u00e9cusson qu\u2019il avait forg\u00e9<br>Et pos\u00e9 au dessus quant il \u00e9tait jeune.<br>La porte \u00e9tait entrouverte. Il osa la pousser.<\/p>\n<p>Un Jeune Plongeur \u00e9tait l\u00e0, qui se pr\u00e9parait pour aller dans la Mer.<br>&#8211; \u00ab Dis Petit, qu\u2019as-tu fait de mon club, demanda le Vieux Plongeur au jeune plongeur&nbsp;?&nbsp;\u00bb<\/p>\n<p>&#8211; \u00ab&nbsp; Entres, regardes et juges par toi-m\u00eame,&nbsp;lui r\u00e9pondit le Jeune Plongeur&nbsp;\u00bb.<br>Le Vieux Plongeur entra, regarda, et cela lui plut.<br>&#8211; \u00ab C\u2019est bien Petit, dit le Vieux Plongeur au Jeune Plongeur, Tu as bien m\u00e9rit\u00e9 de tes Anciens.&nbsp;\u00bb<\/p>\n<p>Le Vieux Plongeur allait partir, quand le Jeune Plongeur lui dit&nbsp;:<br>&#8211; \u00ab&nbsp; Tu peux rester ici, parce que, ici, c\u2019est aussi chez toi&nbsp;!&nbsp;\u00bb<br>Une larme coula sur la joue du Vieux Plongeur.<br>Alors le Vieux Plongeur dit au Jeune Plongeur&nbsp;:<br>&#8211; \u00ab&nbsp; Merci Petit, tu m\u2019as fait du bien \u00bb.<\/p>\n","protected":false},"excerpt":{"rendered":"<p>Notre V\u00e9t\u00e9ran en Chef nous a quitt\u00e9, \u00e0 97 ans. Comme quoi la plong\u00e9e&#8230;&#8230;&#8230;&#8230;&#8230;. Le personnage \u00e9tait riche et complexe. Il ne laissait personne indiff\u00e9rent. Il incarnait \u00e0 la fois le respect, la curiosit\u00e9, et l&rsquo;admiration pour sa vie foisonnante. Il participa au lancement du club avec l&rsquo;apport du premier bateau, le Manuelcho. Il mit&#8230;<\/p>\n","protected":false},"author":5,"featured_media":0,"comment_status":"closed","ping_status":"open","sticky":false,"template":"","format":"standard","meta":{"_crdt_document":"","ngg_post_thumbnail":0,"footnotes":""},"categories":[1],"tags":[],"class_list":["post-8541","post","type-post","status-publish","format-standard","hentry","category-non-classe"],"views":1170,"_links":{"self":[{"href":"https:\/\/www.urpean.com\/index.php?rest_route=\/wp\/v2\/posts\/8541","targetHints":{"allow":["GET"]}}],"collection":[{"href":"https:\/\/www.urpean.com\/index.php?rest_route=\/wp\/v2\/posts"}],"about":[{"href":"https:\/\/www.urpean.com\/index.php?rest_route=\/wp\/v2\/types\/post"}],"author":[{"embeddable":true,"href":"https:\/\/www.urpean.com\/index.php?rest_route=\/wp\/v2\/users\/5"}],"replies":[{"embeddable":true,"href":"https:\/\/www.urpean.com\/index.php?rest_route=%2Fwp%2Fv2%2Fcomments&post=8541"}],"version-history":[{"count":3,"href":"https:\/\/www.urpean.com\/index.php?rest_route=\/wp\/v2\/posts\/8541\/revisions"}],"predecessor-version":[{"id":8548,"href":"https:\/\/www.urpean.com\/index.php?rest_route=\/wp\/v2\/posts\/8541\/revisions\/8548"}],"wp:attachment":[{"href":"https:\/\/www.urpean.com\/index.php?rest_route=%2Fwp%2Fv2%2Fmedia&parent=8541"}],"wp:term":[{"taxonomy":"category","embeddable":true,"href":"https:\/\/www.urpean.com\/index.php?rest_route=%2Fwp%2Fv2%2Fcategories&post=8541"},{"taxonomy":"post_tag","embeddable":true,"href":"https:\/\/www.urpean.com\/index.php?rest_route=%2Fwp%2Fv2%2Ftags&post=8541"}],"curies":[{"name":"wp","href":"https:\/\/api.w.org\/{rel}","templated":true}]}}