{"id":9045,"date":"2023-01-10T19:24:02","date_gmt":"2023-01-10T18:24:02","guid":{"rendered":"https:\/\/www.urpean.com\/?p=9045"},"modified":"2023-01-10T19:24:03","modified_gmt":"2023-01-10T18:24:03","slug":"biodiversite-marine-cote-basque-6","status":"publish","type":"post","link":"https:\/\/www.urpean.com\/?p=9045","title":{"rendered":"Biodiversit\u00e9 marine c\u00f4te Basque"},"content":{"rendered":"\n<p class=\"wp-block-paragraph\">Une nouvelle Aire Marine Prot\u00e9g\u00e9e (AMP) pour notre littoral.<\/p>\n\n\n\n<p class=\"wp-block-paragraph\">Le 7 d\u00e9cembre 2022 a eu lieu \u00e0 Hendaye une r\u00e9union pour d\u00e9battre des modalit\u00e9s de mise en place de l\u2019AMP&nbsp;: Estuaire de la Bidasoa, baie de Txingudy et baie de Fontarrabie.<\/p>\n\n\n\n<p class=\"wp-block-paragraph\">Ironie des dates, elle se d\u00e9roulait en m\u00eame temps que la COP 15 sur la biodiversit\u00e9 au Canada.<\/p>\n\n\n\n<p class=\"wp-block-paragraph\">La comparaison s\u2019arr\u00eatera l\u00e0, il n\u2019\u00e9tait surtout pas question d\u2019aborder la probl\u00e9matique de la disparition des esp\u00e8ces&nbsp;!<\/p>\n\n\n\n<p class=\"wp-block-paragraph\">Exit syngnathes, hippocampes et la biodiversit\u00e9&nbsp;en g\u00e9n\u00e9ral !<\/p>\n\n\n\n<p class=\"wp-block-paragraph\">Cette AMP viendra se rajouter \u00e0 celle existant d\u00e9j\u00e0 d\u2019Hendaye \u00e0 Biarritz le long de la c\u00f4te.<\/p>\n\n\n\n<p class=\"wp-block-paragraph\">Notre crainte de voir une autre AMP de \u00ab&nbsp;papier&nbsp;\u00bb&nbsp;; une coquille vide, a \u00e9t\u00e9 rapidement confirm\u00e9 par Monsieur le Sous-Pr\u00e9fet&nbsp;:&nbsp;\u00ab&nbsp;il ne sera pas question de sanctuariser&nbsp;\u00bb.<\/p>\n\n\n\n<p class=\"wp-block-paragraph\">Pourtant l\u2019urgence climatique devrait nous imposer de bons \u00e9tats \u00e9cologiques des zones marines, afin d\u2019en faire des puits de carbone pour absorber le CO2 g\u00e9n\u00e9r\u00e9 par nos activit\u00e9s.<\/p>\n\n\n\n<p class=\"wp-block-paragraph\">Il est clair que les repr\u00e9sentants de l\u2019\u00e9tat (Pr\u00e9fecture, direction r\u00e9gionale de l\u2019environnement, office Fran\u00e7ais de la biodiversit\u00e9) ainsi que certains acteurs locaux ne trouvent pas anormaux les records de temp\u00e9rature de l\u2019ann\u00e9e 2022 et de cet hiver 2022\/2023.<\/p>\n\n\n\n<p class=\"wp-block-paragraph\">Et peu importe ce qu\u2019il se passe sous la surface&nbsp;!<\/p>\n\n\n\n<p class=\"wp-block-paragraph\">De nos jours la preuve est faite qu\u2019en prot\u00e9geant une infime partie d\u2019un territoire cela permet d\u2019en pr\u00e9server sa totalit\u00e9.<\/p>\n\n\n\n<p class=\"wp-block-paragraph\">Une fois de plus, sera privil\u00e9gi\u00e9e l\u2019activit\u00e9 humaine sans mod\u00e9ration.<\/p>\n\n\n\n<p class=\"wp-block-paragraph\">Ces activit\u00e9s humaines survivront-elles \u00e0 la destruction de la nature&nbsp;?<\/p>\n\n\n\n<p class=\"wp-block-paragraph\">La r\u00e9ponse bient\u00f4t&nbsp;!<\/p>\n\n\n\n<figure class=\"wp-block-image size-large\"><a href=\"https:\/\/www.urpean.com\/wp-content\/uploads\/2023\/01\/2013-05-07_ROULEV-5-1.jpg\"><img loading=\"lazy\" decoding=\"async\" width=\"644\" height=\"428\" src=\"https:\/\/www.urpean.com\/wp-content\/uploads\/2023\/01\/2013-05-07_ROULEV-5-1-644x428.jpg\" alt=\"\" class=\"wp-image-9046\" srcset=\"https:\/\/www.urpean.com\/wp-content\/uploads\/2023\/01\/2013-05-07_ROULEV-5-1-644x428.jpg 644w, https:\/\/www.urpean.com\/wp-content\/uploads\/2023\/01\/2013-05-07_ROULEV-5-1-300x199.jpg 300w, https:\/\/www.urpean.com\/wp-content\/uploads\/2023\/01\/2013-05-07_ROULEV-5-1-768x510.jpg 768w, https:\/\/www.urpean.com\/wp-content\/uploads\/2023\/01\/2013-05-07_ROULEV-5-1.jpg 903w\" sizes=\"auto, (max-width: 644px) 100vw, 644px\" \/><\/a><\/figure>\n\n\n\n\n\n<figure class=\"wp-block-image size-full\"><a href=\"https:\/\/www.urpean.com\/wp-content\/uploads\/2023\/01\/2013-09-28_HORTENSE-2-1.jpg\"><img loading=\"lazy\" decoding=\"async\" width=\"600\" height=\"792\" src=\"https:\/\/www.urpean.com\/wp-content\/uploads\/2023\/01\/2013-09-28_HORTENSE-2-1.jpg\" alt=\"\" class=\"wp-image-9047\" srcset=\"https:\/\/www.urpean.com\/wp-content\/uploads\/2023\/01\/2013-09-28_HORTENSE-2-1.jpg 600w, https:\/\/www.urpean.com\/wp-content\/uploads\/2023\/01\/2013-09-28_HORTENSE-2-1-227x300.jpg 227w\" sizes=\"auto, (max-width: 600px) 100vw, 600px\" \/><\/a><\/figure>\n\n\n\n<figure class=\"wp-block-image size-large\"><a href=\"https:\/\/www.urpean.com\/wp-content\/uploads\/2023\/01\/2023-01-10_HENDAYE-3-1.jpg\"><img loading=\"lazy\" decoding=\"async\" width=\"644\" height=\"428\" src=\"https:\/\/www.urpean.com\/wp-content\/uploads\/2023\/01\/2023-01-10_HENDAYE-3-1-644x428.jpg\" alt=\"\" class=\"wp-image-9048\" srcset=\"https:\/\/www.urpean.com\/wp-content\/uploads\/2023\/01\/2023-01-10_HENDAYE-3-1-644x428.jpg 644w, https:\/\/www.urpean.com\/wp-content\/uploads\/2023\/01\/2023-01-10_HENDAYE-3-1-300x200.jpg 300w, https:\/\/www.urpean.com\/wp-content\/uploads\/2023\/01\/2023-01-10_HENDAYE-3-1-768x511.jpg 768w, https:\/\/www.urpean.com\/wp-content\/uploads\/2023\/01\/2023-01-10_HENDAYE-3-1.jpg 902w\" sizes=\"auto, (max-width: 644px) 100vw, 644px\" \/><\/a><\/figure>\n\n\n\n<figure class=\"wp-block-image size-large\"><a href=\"https:\/\/www.urpean.com\/wp-content\/uploads\/2023\/01\/2023-01-10_HENDAYE-5-2.jpg\"><img loading=\"lazy\" decoding=\"async\" width=\"644\" height=\"428\" src=\"https:\/\/www.urpean.com\/wp-content\/uploads\/2023\/01\/2023-01-10_HENDAYE-5-2-644x428.jpg\" alt=\"\" class=\"wp-image-9049\" srcset=\"https:\/\/www.urpean.com\/wp-content\/uploads\/2023\/01\/2023-01-10_HENDAYE-5-2-644x428.jpg 644w, https:\/\/www.urpean.com\/wp-content\/uploads\/2023\/01\/2023-01-10_HENDAYE-5-2-300x200.jpg 300w, https:\/\/www.urpean.com\/wp-content\/uploads\/2023\/01\/2023-01-10_HENDAYE-5-2-768x511.jpg 768w, https:\/\/www.urpean.com\/wp-content\/uploads\/2023\/01\/2023-01-10_HENDAYE-5-2.jpg 902w\" sizes=\"auto, (max-width: 644px) 100vw, 644px\" \/><\/a><\/figure>\n\n\n\n<figure class=\"wp-block-image size-large\"><a href=\"https:\/\/www.urpean.com\/wp-content\/uploads\/2023\/01\/2023-01-10_HENDAYE-7-3.jpg\"><img loading=\"lazy\" decoding=\"async\" width=\"644\" height=\"428\" src=\"https:\/\/www.urpean.com\/wp-content\/uploads\/2023\/01\/2023-01-10_HENDAYE-7-3-644x428.jpg\" alt=\"\" class=\"wp-image-9050\" srcset=\"https:\/\/www.urpean.com\/wp-content\/uploads\/2023\/01\/2023-01-10_HENDAYE-7-3-644x428.jpg 644w, https:\/\/www.urpean.com\/wp-content\/uploads\/2023\/01\/2023-01-10_HENDAYE-7-3-300x200.jpg 300w, https:\/\/www.urpean.com\/wp-content\/uploads\/2023\/01\/2023-01-10_HENDAYE-7-3-768x511.jpg 768w, https:\/\/www.urpean.com\/wp-content\/uploads\/2023\/01\/2023-01-10_HENDAYE-7-3.jpg 902w\" sizes=\"auto, (max-width: 644px) 100vw, 644px\" \/><\/a><\/figure>\n","protected":false},"excerpt":{"rendered":"<p>Une nouvelle Aire Marine Prot\u00e9g\u00e9e (AMP) pour notre littoral. Le 7 d\u00e9cembre 2022 a eu lieu \u00e0 Hendaye une r\u00e9union pour d\u00e9battre des modalit\u00e9s de mise en place de l\u2019AMP&nbsp;: Estuaire de la Bidasoa, baie de Txingudy et baie de Fontarrabie. Ironie des dates, elle se d\u00e9roulait en m\u00eame temps que la COP 15 sur&#8230;<\/p>\n","protected":false},"author":6,"featured_media":0,"comment_status":"closed","ping_status":"open","sticky":false,"template":"","format":"standard","meta":{"_crdt_document":"","ngg_post_thumbnail":0,"footnotes":""},"categories":[1],"tags":[],"class_list":["post-9045","post","type-post","status-publish","format-standard","hentry","category-non-classe"],"views":658,"_links":{"self":[{"href":"https:\/\/www.urpean.com\/index.php?rest_route=\/wp\/v2\/posts\/9045","targetHints":{"allow":["GET"]}}],"collection":[{"href":"https:\/\/www.urpean.com\/index.php?rest_route=\/wp\/v2\/posts"}],"about":[{"href":"https:\/\/www.urpean.com\/index.php?rest_route=\/wp\/v2\/types\/post"}],"author":[{"embeddable":true,"href":"https:\/\/www.urpean.com\/index.php?rest_route=\/wp\/v2\/users\/6"}],"replies":[{"embeddable":true,"href":"https:\/\/www.urpean.com\/index.php?rest_route=%2Fwp%2Fv2%2Fcomments&post=9045"}],"version-history":[{"count":1,"href":"https:\/\/www.urpean.com\/index.php?rest_route=\/wp\/v2\/posts\/9045\/revisions"}],"predecessor-version":[{"id":9051,"href":"https:\/\/www.urpean.com\/index.php?rest_route=\/wp\/v2\/posts\/9045\/revisions\/9051"}],"wp:attachment":[{"href":"https:\/\/www.urpean.com\/index.php?rest_route=%2Fwp%2Fv2%2Fmedia&parent=9045"}],"wp:term":[{"taxonomy":"category","embeddable":true,"href":"https:\/\/www.urpean.com\/index.php?rest_route=%2Fwp%2Fv2%2Fcategories&post=9045"},{"taxonomy":"post_tag","embeddable":true,"href":"https:\/\/www.urpean.com\/index.php?rest_route=%2Fwp%2Fv2%2Ftags&post=9045"}],"curies":[{"name":"wp","href":"https:\/\/api.w.org\/{rel}","templated":true}]}}