{"id":9108,"date":"2023-02-19T19:50:03","date_gmt":"2023-02-19T18:50:03","guid":{"rendered":"https:\/\/www.urpean.com\/?p=9108"},"modified":"2023-02-19T19:50:06","modified_gmt":"2023-02-19T18:50:06","slug":"faites-des-photos-et-videos-sous-marines-a-urpean","status":"publish","type":"post","link":"https:\/\/www.urpean.com\/?p=9108","title":{"rendered":"Faites des photos et vid\u00e9os sous-marines \u00e0 URPEAN!"},"content":{"rendered":"\n\n\n<figure class=\"wp-block-image size-large\"><a href=\"https:\/\/www.urpean.com\/wp-content\/uploads\/2023\/02\/2021-07_11_BRIQUETS_MARION-3-Avec-accentuation-1-scaled.jpg\"><img loading=\"lazy\" decoding=\"async\" width=\"644\" height=\"403\" src=\"https:\/\/www.urpean.com\/wp-content\/uploads\/2023\/02\/2021-07_11_BRIQUETS_MARION-3-Avec-accentuation-1-644x403.jpg\" alt=\"\" class=\"wp-image-9107\" srcset=\"https:\/\/www.urpean.com\/wp-content\/uploads\/2023\/02\/2021-07_11_BRIQUETS_MARION-3-Avec-accentuation-1-644x403.jpg 644w, https:\/\/www.urpean.com\/wp-content\/uploads\/2023\/02\/2021-07_11_BRIQUETS_MARION-3-Avec-accentuation-1-300x188.jpg 300w, https:\/\/www.urpean.com\/wp-content\/uploads\/2023\/02\/2021-07_11_BRIQUETS_MARION-3-Avec-accentuation-1-768x480.jpg 768w, https:\/\/www.urpean.com\/wp-content\/uploads\/2023\/02\/2021-07_11_BRIQUETS_MARION-3-Avec-accentuation-1-1536x960.jpg 1536w, https:\/\/www.urpean.com\/wp-content\/uploads\/2023\/02\/2021-07_11_BRIQUETS_MARION-3-Avec-accentuation-1-2048x1280.jpg 2048w\" sizes=\"auto, (max-width: 644px) 100vw, 644px\" \/><\/a><\/figure>\n\n\n\n<p>Bonjour \u00e0 tous,<\/p>\n<p>Le club Urpean souhaite cr\u00e9er une <strong>commission audiovisuelle<\/strong>.<\/p>\n<p>Cette commission pourrait rassembler les photographes et les vid\u00e9astes de l\u2019association, organiser des r\u00e9unions, des rencontres, des formation, des comp\u00e9titions (ARGIA par exemple!), etc.<\/p>\n<p>Nous souhaiterions connaitre les personnes qui seraient int\u00e9ress\u00e9es pour participer \u00e0 cette commission et par la suite d\u00e9signer des responsables pour programmer des r\u00e9unions pour la faire vivre ?<\/p>\n<p>Le bureau.<\/p>\n<p>Personnes \u00e0 contacter : Eric SAINT MARTIN \/ Mikel CALBETE<\/p>\n","protected":false},"excerpt":{"rendered":"<p>Bonjour \u00e0 tous, Le club Urpean souhaite cr\u00e9er une commission audiovisuelle. Cette commission pourrait rassembler les photographes et les vid\u00e9astes de l\u2019association, organiser des r\u00e9unions, des rencontres, des formation, des comp\u00e9titions (ARGIA par exemple!), etc. Nous souhaiterions connaitre les personnes qui seraient int\u00e9ress\u00e9es pour participer \u00e0 cette commission et par la suite d\u00e9signer des responsables&#8230;<\/p>\n","protected":false},"author":5,"featured_media":0,"comment_status":"closed","ping_status":"open","sticky":false,"template":"","format":"standard","meta":{"_crdt_document":"","ngg_post_thumbnail":0,"footnotes":""},"categories":[1],"tags":[],"class_list":["post-9108","post","type-post","status-publish","format-standard","hentry","category-non-classe"],"views":627,"_links":{"self":[{"href":"https:\/\/www.urpean.com\/index.php?rest_route=\/wp\/v2\/posts\/9108","targetHints":{"allow":["GET"]}}],"collection":[{"href":"https:\/\/www.urpean.com\/index.php?rest_route=\/wp\/v2\/posts"}],"about":[{"href":"https:\/\/www.urpean.com\/index.php?rest_route=\/wp\/v2\/types\/post"}],"author":[{"embeddable":true,"href":"https:\/\/www.urpean.com\/index.php?rest_route=\/wp\/v2\/users\/5"}],"replies":[{"embeddable":true,"href":"https:\/\/www.urpean.com\/index.php?rest_route=%2Fwp%2Fv2%2Fcomments&post=9108"}],"version-history":[{"count":1,"href":"https:\/\/www.urpean.com\/index.php?rest_route=\/wp\/v2\/posts\/9108\/revisions"}],"predecessor-version":[{"id":9109,"href":"https:\/\/www.urpean.com\/index.php?rest_route=\/wp\/v2\/posts\/9108\/revisions\/9109"}],"wp:attachment":[{"href":"https:\/\/www.urpean.com\/index.php?rest_route=%2Fwp%2Fv2%2Fmedia&parent=9108"}],"wp:term":[{"taxonomy":"category","embeddable":true,"href":"https:\/\/www.urpean.com\/index.php?rest_route=%2Fwp%2Fv2%2Fcategories&post=9108"},{"taxonomy":"post_tag","embeddable":true,"href":"https:\/\/www.urpean.com\/index.php?rest_route=%2Fwp%2Fv2%2Ftags&post=9108"}],"curies":[{"name":"wp","href":"https:\/\/api.w.org\/{rel}","templated":true}]}}