{"id":9276,"date":"2023-08-11T13:50:23","date_gmt":"2023-08-11T12:50:23","guid":{"rendered":"https:\/\/www.urpean.com\/?p=9276"},"modified":"2023-08-11T13:50:25","modified_gmt":"2023-08-11T12:50:25","slug":"feux-dartifice-donosti-plongee-pikachilla-2","status":"publish","type":"post","link":"https:\/\/www.urpean.com\/?p=9276","title":{"rendered":"Feux d\u2019Artifice Donosti \/ Plong\u00e9e Pikachilla"},"content":{"rendered":"\n<p>La sortie aura finalement lieu le <strong>mercredi 16 ao\u00fbt.<\/strong><\/p>\n<p>Pour rappel, au programme:<\/p>\n<p>\u2013 d\u00e9part 18 heures<br>\u2013 plong\u00e9e \u00e0 Pekachilla (N2 minimum)<br>\u2013 mouillage dans la baie de San S\u00e9bastien<br>\u2013 Repas grillade plancha \u00e0 bord, chacun am\u00e8ne quelque chose \u00e0 manger-griller<br>\u2013 Feu d\u2019artifice (22h45)<br>\u2013 Retour 1 h du matin<\/p>\n<p>Suppl\u00e9ment Gazole : 8\u20ac \/ personne<\/p>\n<p>Il est toujours temps pour les retardataires de s&rsquo;inscrire!<\/p>\n","protected":false},"excerpt":{"rendered":"<p>La sortie aura finalement lieu le mercredi 16 ao\u00fbt. Pour rappel, au programme: \u2013 d\u00e9part 18 heures\u2013 plong\u00e9e \u00e0 Pekachilla (N2 minimum)\u2013 mouillage dans la baie de San S\u00e9bastien\u2013 Repas grillade plancha \u00e0 bord, chacun am\u00e8ne quelque chose \u00e0 manger-griller\u2013 Feu d\u2019artifice (22h45)\u2013 Retour 1 h du matin Suppl\u00e9ment Gazole : 8\u20ac \/ personne Il&#8230;<\/p>\n","protected":false},"author":95,"featured_media":0,"comment_status":"closed","ping_status":"open","sticky":false,"template":"","format":"standard","meta":{"_crdt_document":"","ngg_post_thumbnail":0,"footnotes":""},"categories":[1],"tags":[],"class_list":["post-9276","post","type-post","status-publish","format-standard","hentry","category-non-classe"],"views":548,"_links":{"self":[{"href":"https:\/\/www.urpean.com\/index.php?rest_route=\/wp\/v2\/posts\/9276","targetHints":{"allow":["GET"]}}],"collection":[{"href":"https:\/\/www.urpean.com\/index.php?rest_route=\/wp\/v2\/posts"}],"about":[{"href":"https:\/\/www.urpean.com\/index.php?rest_route=\/wp\/v2\/types\/post"}],"author":[{"embeddable":true,"href":"https:\/\/www.urpean.com\/index.php?rest_route=\/wp\/v2\/users\/95"}],"replies":[{"embeddable":true,"href":"https:\/\/www.urpean.com\/index.php?rest_route=%2Fwp%2Fv2%2Fcomments&post=9276"}],"version-history":[{"count":1,"href":"https:\/\/www.urpean.com\/index.php?rest_route=\/wp\/v2\/posts\/9276\/revisions"}],"predecessor-version":[{"id":9277,"href":"https:\/\/www.urpean.com\/index.php?rest_route=\/wp\/v2\/posts\/9276\/revisions\/9277"}],"wp:attachment":[{"href":"https:\/\/www.urpean.com\/index.php?rest_route=%2Fwp%2Fv2%2Fmedia&parent=9276"}],"wp:term":[{"taxonomy":"category","embeddable":true,"href":"https:\/\/www.urpean.com\/index.php?rest_route=%2Fwp%2Fv2%2Fcategories&post=9276"},{"taxonomy":"post_tag","embeddable":true,"href":"https:\/\/www.urpean.com\/index.php?rest_route=%2Fwp%2Fv2%2Ftags&post=9276"}],"curies":[{"name":"wp","href":"https:\/\/api.w.org\/{rel}","templated":true}]}}