{"id":9283,"date":"2023-08-13T10:28:00","date_gmt":"2023-08-13T09:28:00","guid":{"rendered":"https:\/\/www.urpean.com\/?p=9283"},"modified":"2023-08-12T18:35:05","modified_gmt":"2023-08-12T17:35:05","slug":"60-ans-du-club","status":"publish","type":"post","link":"https:\/\/www.urpean.com\/?p=9283","title":{"rendered":"60 ans du club"},"content":{"rendered":"\n<p>Comme vous le savez, les 60 ans du club auront lieu samedi 19 ao\u00fbt au club.<br>Pour cela, nous vous donnons rendez-vous d\u00e8s 8h30 du matin pour donner un coup de main \u00e0 tout pr\u00e9parer.<br>Le d\u00e9but des hostilit\u00e9s aura lieu \u00e0 11h15, avec un superbe discours de notre cher pr\u00e9sident.<br>Aura lieu ensuite un petit ap\u00e9ro, puis le repas pour les inscrits.<br>Il nous faudra aussi de l&rsquo;aide pour tout nettoyer apr\u00e8s.<br>Biens\u00fbr, la f\u00eate continuera apr\u00e8s le repas pour les plus motiv\u00e9s!<br>Nous vous attendons tr\u00e8s nombreux pour passer une agr\u00e9able journ\u00e9e.<br>A samedi prochain!<\/p>\n\n\n<div class=\"wp-block-image\">\n<figure class=\"aligncenter size-full\"><a href=\"https:\/\/www.urpean.com\/wp-content\/uploads\/2023\/08\/2023-08-12-19-32-41.jpg\"><img loading=\"lazy\" decoding=\"async\" width=\"509\" height=\"508\" src=\"https:\/\/www.urpean.com\/wp-content\/uploads\/2023\/08\/2023-08-12-19-32-41.jpg\" alt=\"\" class=\"wp-image-9284\" srcset=\"https:\/\/www.urpean.com\/wp-content\/uploads\/2023\/08\/2023-08-12-19-32-41.jpg 509w, https:\/\/www.urpean.com\/wp-content\/uploads\/2023\/08\/2023-08-12-19-32-41-300x300.jpg 300w, https:\/\/www.urpean.com\/wp-content\/uploads\/2023\/08\/2023-08-12-19-32-41-150x150.jpg 150w, https:\/\/www.urpean.com\/wp-content\/uploads\/2023\/08\/2023-08-12-19-32-41-144x144.jpg 144w, https:\/\/www.urpean.com\/wp-content\/uploads\/2023\/08\/2023-08-12-19-32-41-120x120.jpg 120w\" sizes=\"auto, (max-width: 509px) 100vw, 509px\" \/><\/a><\/figure>\n<\/div>\n\n","protected":false},"excerpt":{"rendered":"<p>Comme vous le savez, les 60 ans du club auront lieu samedi 19 ao\u00fbt au club.Pour cela, nous vous donnons rendez-vous d\u00e8s 8h30 du matin pour donner un coup de main \u00e0 tout pr\u00e9parer.Le d\u00e9but des hostilit\u00e9s aura lieu \u00e0 11h15, avec un superbe discours de notre cher pr\u00e9sident.Aura lieu ensuite un petit ap\u00e9ro, puis&#8230;<\/p>\n","protected":false},"author":95,"featured_media":0,"comment_status":"closed","ping_status":"open","sticky":false,"template":"","format":"standard","meta":{"_crdt_document":"","ngg_post_thumbnail":0,"footnotes":""},"categories":[1],"tags":[],"class_list":["post-9283","post","type-post","status-publish","format-standard","hentry","category-non-classe"],"views":848,"_links":{"self":[{"href":"https:\/\/www.urpean.com\/index.php?rest_route=\/wp\/v2\/posts\/9283","targetHints":{"allow":["GET"]}}],"collection":[{"href":"https:\/\/www.urpean.com\/index.php?rest_route=\/wp\/v2\/posts"}],"about":[{"href":"https:\/\/www.urpean.com\/index.php?rest_route=\/wp\/v2\/types\/post"}],"author":[{"embeddable":true,"href":"https:\/\/www.urpean.com\/index.php?rest_route=\/wp\/v2\/users\/95"}],"replies":[{"embeddable":true,"href":"https:\/\/www.urpean.com\/index.php?rest_route=%2Fwp%2Fv2%2Fcomments&post=9283"}],"version-history":[{"count":1,"href":"https:\/\/www.urpean.com\/index.php?rest_route=\/wp\/v2\/posts\/9283\/revisions"}],"predecessor-version":[{"id":9285,"href":"https:\/\/www.urpean.com\/index.php?rest_route=\/wp\/v2\/posts\/9283\/revisions\/9285"}],"wp:attachment":[{"href":"https:\/\/www.urpean.com\/index.php?rest_route=%2Fwp%2Fv2%2Fmedia&parent=9283"}],"wp:term":[{"taxonomy":"category","embeddable":true,"href":"https:\/\/www.urpean.com\/index.php?rest_route=%2Fwp%2Fv2%2Fcategories&post=9283"},{"taxonomy":"post_tag","embeddable":true,"href":"https:\/\/www.urpean.com\/index.php?rest_route=%2Fwp%2Fv2%2Ftags&post=9283"}],"curies":[{"name":"wp","href":"https:\/\/api.w.org\/{rel}","templated":true}]}}