{"id":9286,"date":"2023-08-18T10:39:20","date_gmt":"2023-08-18T09:39:20","guid":{"rendered":"https:\/\/www.urpean.com\/?p=9286"},"modified":"2023-08-21T07:40:25","modified_gmt":"2023-08-21T06:40:25","slug":"soiree-limances","status":"publish","type":"post","link":"https:\/\/www.urpean.com\/?p=9286","title":{"rendered":"Soir\u00e9e limaces de mer"},"content":{"rendered":"\n<p>Bonjour \u00e0 tous,<\/p>\n<p>Une soir\u00e9e pr\u00e9sentation des limaces de mer aura lieu le vendredi 1er septembre au Txoko \u00e0 19h.<\/p>\n<p>La soir\u00e9e sera anim\u00e9e par Myriam Laplace, notre sp\u00e9cialiste des limaces. Elle pr\u00e9sentera les esp\u00e8ces qu&rsquo;on retrouve en plong\u00e9e dans la c\u00f4te basque, accompagn\u00e9e des photos qu&rsquo;elle a pu prendre en plong\u00e9e. Il ne faut pas de niveau de plong\u00e9e ni de bio particulier pour y participer, tout le monde est bienvenu.<\/p>\n<p>Un casse cro\u00fbte aura lieu par la suite, avec ce que chacun aura amen\u00e9.<\/p>\n<p>Nous vous attendons nombreux!<\/p>\n","protected":false},"excerpt":{"rendered":"<p>Bonjour \u00e0 tous, Une soir\u00e9e pr\u00e9sentation des limaces de mer aura lieu le vendredi 1er septembre au Txoko \u00e0 19h. La soir\u00e9e sera anim\u00e9e par Myriam Laplace, notre sp\u00e9cialiste des limaces. Elle pr\u00e9sentera les esp\u00e8ces qu&rsquo;on retrouve en plong\u00e9e dans la c\u00f4te basque, accompagn\u00e9e des photos qu&rsquo;elle a pu prendre en plong\u00e9e. Il ne faut&#8230;<\/p>\n","protected":false},"author":95,"featured_media":0,"comment_status":"closed","ping_status":"open","sticky":false,"template":"","format":"standard","meta":{"_crdt_document":"","ngg_post_thumbnail":0,"footnotes":""},"categories":[1],"tags":[],"class_list":["post-9286","post","type-post","status-publish","format-standard","hentry","category-non-classe"],"views":671,"_links":{"self":[{"href":"https:\/\/www.urpean.com\/index.php?rest_route=\/wp\/v2\/posts\/9286","targetHints":{"allow":["GET"]}}],"collection":[{"href":"https:\/\/www.urpean.com\/index.php?rest_route=\/wp\/v2\/posts"}],"about":[{"href":"https:\/\/www.urpean.com\/index.php?rest_route=\/wp\/v2\/types\/post"}],"author":[{"embeddable":true,"href":"https:\/\/www.urpean.com\/index.php?rest_route=\/wp\/v2\/users\/95"}],"replies":[{"embeddable":true,"href":"https:\/\/www.urpean.com\/index.php?rest_route=%2Fwp%2Fv2%2Fcomments&post=9286"}],"version-history":[{"count":2,"href":"https:\/\/www.urpean.com\/index.php?rest_route=\/wp\/v2\/posts\/9286\/revisions"}],"predecessor-version":[{"id":9289,"href":"https:\/\/www.urpean.com\/index.php?rest_route=\/wp\/v2\/posts\/9286\/revisions\/9289"}],"wp:attachment":[{"href":"https:\/\/www.urpean.com\/index.php?rest_route=%2Fwp%2Fv2%2Fmedia&parent=9286"}],"wp:term":[{"taxonomy":"category","embeddable":true,"href":"https:\/\/www.urpean.com\/index.php?rest_route=%2Fwp%2Fv2%2Fcategories&post=9286"},{"taxonomy":"post_tag","embeddable":true,"href":"https:\/\/www.urpean.com\/index.php?rest_route=%2Fwp%2Fv2%2Ftags&post=9286"}],"curies":[{"name":"wp","href":"https:\/\/api.w.org\/{rel}","templated":true}]}}