{"id":9530,"date":"2024-01-22T13:51:43","date_gmt":"2024-01-22T12:51:43","guid":{"rendered":"https:\/\/www.urpean.com\/?p=9530"},"modified":"2024-01-26T09:03:43","modified_gmt":"2024-01-26T08:03:43","slug":"presentation-les-limaces-de-mer-chandeleur","status":"publish","type":"post","link":"https:\/\/www.urpean.com\/?p=9530","title":{"rendered":"Pr\u00e9sentation les limaces de mer + chandeleur       3 f\u00e9vrier \u00e0 14 h"},"content":{"rendered":"\n<p><strong>Bonjour a vous toutes et tous. Il y aura une pr\u00e9sentation de Myriam Laplace sur les limaces de mer suivi de la traditionnelle chandeleur. Venez nombreux. On vous attends le 3 f\u00e9vrier \u00e0 14h!<\/strong><\/p>\n\n\n\n\n\n<figure class=\"wp-block-gallery has-nested-images columns-default is-cropped wp-block-gallery-1 is-layout-flex wp-block-gallery-is-layout-flex\">\n<figure class=\"wp-block-image size-large\"><a href=\"https:\/\/www.urpean.com\/wp-content\/uploads\/2024\/01\/conference-les-limaces-Copie.jpg\"><img loading=\"lazy\" decoding=\"async\" width=\"644\" height=\"912\" data-id=\"9531\" src=\"https:\/\/www.urpean.com\/wp-content\/uploads\/2024\/01\/conference-les-limaces-Copie-644x912.jpg\" alt=\"\" class=\"wp-image-9531\" srcset=\"https:\/\/www.urpean.com\/wp-content\/uploads\/2024\/01\/conference-les-limaces-Copie-644x912.jpg 644w, https:\/\/www.urpean.com\/wp-content\/uploads\/2024\/01\/conference-les-limaces-Copie-212x300.jpg 212w, https:\/\/www.urpean.com\/wp-content\/uploads\/2024\/01\/conference-les-limaces-Copie.jpg 723w\" sizes=\"auto, (max-width: 644px) 100vw, 644px\" \/><\/a><\/figure>\n\n\n\n<figure class=\"wp-block-image size-large\"><a href=\"https:\/\/www.urpean.com\/wp-content\/uploads\/2024\/01\/crepes-scaled.jpg\"><img loading=\"lazy\" decoding=\"async\" width=\"644\" height=\"833\" data-id=\"9532\" src=\"https:\/\/www.urpean.com\/wp-content\/uploads\/2024\/01\/crepes-644x833.jpg\" alt=\"\" class=\"wp-image-9532\" srcset=\"https:\/\/www.urpean.com\/wp-content\/uploads\/2024\/01\/crepes-644x833.jpg 644w, https:\/\/www.urpean.com\/wp-content\/uploads\/2024\/01\/crepes-232x300.jpg 232w, https:\/\/www.urpean.com\/wp-content\/uploads\/2024\/01\/crepes-768x994.jpg 768w, https:\/\/www.urpean.com\/wp-content\/uploads\/2024\/01\/crepes-1187x1536.jpg 1187w, https:\/\/www.urpean.com\/wp-content\/uploads\/2024\/01\/crepes-1583x2048.jpg 1583w, https:\/\/www.urpean.com\/wp-content\/uploads\/2024\/01\/crepes-scaled.jpg 1978w\" sizes=\"auto, (max-width: 644px) 100vw, 644px\" \/><\/a><\/figure>\n<\/figure>\n","protected":false},"excerpt":{"rendered":"<p>Bonjour a vous toutes et tous. Il y aura une pr\u00e9sentation de Myriam Laplace sur les limaces de mer suivi de la traditionnelle chandeleur. Venez nombreux. On vous attends le 3 f\u00e9vrier \u00e0 14h!<\/p>\n","protected":false},"author":192,"featured_media":0,"comment_status":"closed","ping_status":"open","sticky":false,"template":"","format":"standard","meta":{"_crdt_document":"","ngg_post_thumbnail":0,"footnotes":""},"categories":[1],"tags":[],"class_list":["post-9530","post","type-post","status-publish","format-standard","hentry","category-non-classe"],"views":526,"_links":{"self":[{"href":"https:\/\/www.urpean.com\/index.php?rest_route=\/wp\/v2\/posts\/9530","targetHints":{"allow":["GET"]}}],"collection":[{"href":"https:\/\/www.urpean.com\/index.php?rest_route=\/wp\/v2\/posts"}],"about":[{"href":"https:\/\/www.urpean.com\/index.php?rest_route=\/wp\/v2\/types\/post"}],"author":[{"embeddable":true,"href":"https:\/\/www.urpean.com\/index.php?rest_route=\/wp\/v2\/users\/192"}],"replies":[{"embeddable":true,"href":"https:\/\/www.urpean.com\/index.php?rest_route=%2Fwp%2Fv2%2Fcomments&post=9530"}],"version-history":[{"count":3,"href":"https:\/\/www.urpean.com\/index.php?rest_route=\/wp\/v2\/posts\/9530\/revisions"}],"predecessor-version":[{"id":9536,"href":"https:\/\/www.urpean.com\/index.php?rest_route=\/wp\/v2\/posts\/9530\/revisions\/9536"}],"wp:attachment":[{"href":"https:\/\/www.urpean.com\/index.php?rest_route=%2Fwp%2Fv2%2Fmedia&parent=9530"}],"wp:term":[{"taxonomy":"category","embeddable":true,"href":"https:\/\/www.urpean.com\/index.php?rest_route=%2Fwp%2Fv2%2Fcategories&post=9530"},{"taxonomy":"post_tag","embeddable":true,"href":"https:\/\/www.urpean.com\/index.php?rest_route=%2Fwp%2Fv2%2Ftags&post=9530"}],"curies":[{"name":"wp","href":"https:\/\/api.w.org\/{rel}","templated":true}]}}