{"id":9611,"date":"2024-02-13T19:49:13","date_gmt":"2024-02-13T18:49:13","guid":{"rendered":"https:\/\/www.urpean.com\/?p=9611"},"modified":"2024-02-14T07:12:52","modified_gmt":"2024-02-14T06:12:52","slug":"biodiversite-marine-cote-basque-8","status":"publish","type":"post","link":"https:\/\/www.urpean.com\/?p=9611","title":{"rendered":"Biodiversit\u00e9 marine c\u00f4te Basque"},"content":{"rendered":"\n<p>Cette ann\u00e9e, les plongeurs du comit\u00e9 d\u00e9partemental 64 de<span style=\"color: #0000ff;\"><span style=\"color: #000000;\"> l<\/span><\/span>a FFESSM f\u00eatent les 10 ans de leur proposition de voir la mise en place d\u2019une r\u00e9serve marine sur le littoral Basque.<\/p>\n<p>Une enveloppe financi\u00e8re suppl\u00e9mentaire pour continuer \u00e0 porter notre projet de protection de la biodiversit\u00e9 marine vient de nous \u00eatre attribu\u00e9e.<\/p>\n<p>Preuve de la confiance donn\u00e9e \u00e0 nos actions d\u2019enqu\u00eates scientifiques depuis 2019.<\/p>\n<p>En coop\u00e9ration avec la SEPANSO 64 \u2013 association d\u00e9fendant l\u2019environnement et la sant\u00e9 \u2013 et suite \u00e0 notre passage dans l\u2019\u00e9mission \u00ab&nbsp;les supers-pouvoirs de l\u2019oc\u00e9ans&nbsp;\u00bb nous allons identifier la meilleure zone afin de mettre en place une zone de protection forte sur la c\u00f4te.<\/p>\n<p>Toujours dans le cadre des sciences participatives, les plongeurs seront encadr\u00e9s par les scientifiques du CRIOBE\/CNRS et de l\u2019universit\u00e9 de Bordeaux.<\/p>\n<p>La fr\u00e9quentation des zones par les poissons se fera \u00e0 l\u2019aide de l\u2019ADN environnemental.<\/p>\n<p><a href=\"https:\/\/neocean.nc\/ladn-environnemental-la-cle-invisible-pour-la-protection-des-oceans\/\">https:\/\/neocean.nc\/ladn-environnemental-la-cle-invisible-pour-la-protection-des-oceans\/<\/a><\/p>\n<p>Des pr\u00e9l\u00e8vements d\u2019eau seront effectu\u00e9s afin d\u2019en d\u00e9terminer l\u2019analyse chimique.<\/p>\n<p>Une identification des habitats sera men\u00e9e.<\/p>\n<p>Nos conclusions seront port\u00e9es devant les diff\u00e9rents acteurs qui prendront cette d\u00e9cision (\u00e9lus, gestionnaires de l\u2019AMP Natura 2000, OFB, etc.).<\/p>\n<p>En effet c\u2019est en 2026 que devrait \u00eatre d\u00e9cid\u00e9 du lieu pour prot\u00e9ger la biodiversit\u00e9 marine sur la c\u00f4te Basque et sur l\u2019ensemble du littoral m\u00e9tropolitain.<\/p>\n\n\n\n\n\n<figure class=\"wp-block-gallery has-nested-images columns-default is-cropped wp-block-gallery-1 is-layout-flex wp-block-gallery-is-layout-flex\">\n<figure class=\"wp-block-image size-large\"><a href=\"https:\/\/www.urpean.com\/wp-content\/uploads\/2024\/02\/2019-06-24_BIOSNAR_NORD-3-1.jpg\"><img loading=\"lazy\" decoding=\"async\" width=\"644\" height=\"429\" data-id=\"9620\" src=\"https:\/\/www.urpean.com\/wp-content\/uploads\/2024\/02\/2019-06-24_BIOSNAR_NORD-3-1-644x429.jpg\" alt=\"\" class=\"wp-image-9620\" srcset=\"https:\/\/www.urpean.com\/wp-content\/uploads\/2024\/02\/2019-06-24_BIOSNAR_NORD-3-1-644x429.jpg 644w, https:\/\/www.urpean.com\/wp-content\/uploads\/2024\/02\/2019-06-24_BIOSNAR_NORD-3-1-300x200.jpg 300w, https:\/\/www.urpean.com\/wp-content\/uploads\/2024\/02\/2019-06-24_BIOSNAR_NORD-3-1-768x512.jpg 768w, https:\/\/www.urpean.com\/wp-content\/uploads\/2024\/02\/2019-06-24_BIOSNAR_NORD-3-1.jpg 900w\" sizes=\"auto, (max-width: 644px) 100vw, 644px\" \/><\/a><\/figure>\n\n\n\n<figure class=\"wp-block-image size-large\"><a href=\"https:\/\/www.urpean.com\/wp-content\/uploads\/2024\/02\/2019-07-11_CAP_BIOSNAR-9-1.jpg\"><img loading=\"lazy\" decoding=\"async\" width=\"644\" height=\"429\" data-id=\"9623\" src=\"https:\/\/www.urpean.com\/wp-content\/uploads\/2024\/02\/2019-07-11_CAP_BIOSNAR-9-1-644x429.jpg\" alt=\"\" class=\"wp-image-9623\" srcset=\"https:\/\/www.urpean.com\/wp-content\/uploads\/2024\/02\/2019-07-11_CAP_BIOSNAR-9-1-644x429.jpg 644w, https:\/\/www.urpean.com\/wp-content\/uploads\/2024\/02\/2019-07-11_CAP_BIOSNAR-9-1-300x200.jpg 300w, https:\/\/www.urpean.com\/wp-content\/uploads\/2024\/02\/2019-07-11_CAP_BIOSNAR-9-1-768x512.jpg 768w, https:\/\/www.urpean.com\/wp-content\/uploads\/2024\/02\/2019-07-11_CAP_BIOSNAR-9-1.jpg 900w\" sizes=\"auto, (max-width: 644px) 100vw, 644px\" \/><\/a><\/figure>\n\n\n\n<figure class=\"wp-block-image size-large\"><a href=\"https:\/\/www.urpean.com\/wp-content\/uploads\/2024\/02\/2023-07-11_CAP_BIOSNAR-11-1.jpg\"><img loading=\"lazy\" decoding=\"async\" width=\"644\" height=\"428\" data-id=\"9621\" src=\"https:\/\/www.urpean.com\/wp-content\/uploads\/2024\/02\/2023-07-11_CAP_BIOSNAR-11-1-644x428.jpg\" alt=\"\" class=\"wp-image-9621\" srcset=\"https:\/\/www.urpean.com\/wp-content\/uploads\/2024\/02\/2023-07-11_CAP_BIOSNAR-11-1-644x428.jpg 644w, https:\/\/www.urpean.com\/wp-content\/uploads\/2024\/02\/2023-07-11_CAP_BIOSNAR-11-1-300x200.jpg 300w, https:\/\/www.urpean.com\/wp-content\/uploads\/2024\/02\/2023-07-11_CAP_BIOSNAR-11-1-768x511.jpg 768w, https:\/\/www.urpean.com\/wp-content\/uploads\/2024\/02\/2023-07-11_CAP_BIOSNAR-11-1.jpg 902w\" sizes=\"auto, (max-width: 644px) 100vw, 644px\" \/><\/a><\/figure>\n\n\n\n<figure class=\"wp-block-image size-large\"><a href=\"https:\/\/www.urpean.com\/wp-content\/uploads\/2024\/02\/2023-07-11_CAP_BIOSNAR-18-1.jpg\"><img loading=\"lazy\" decoding=\"async\" width=\"644\" height=\"429\" data-id=\"9622\" src=\"https:\/\/www.urpean.com\/wp-content\/uploads\/2024\/02\/2023-07-11_CAP_BIOSNAR-18-1-644x429.jpg\" alt=\"\" class=\"wp-image-9622\" srcset=\"https:\/\/www.urpean.com\/wp-content\/uploads\/2024\/02\/2023-07-11_CAP_BIOSNAR-18-1-644x429.jpg 644w, https:\/\/www.urpean.com\/wp-content\/uploads\/2024\/02\/2023-07-11_CAP_BIOSNAR-18-1-300x200.jpg 300w, https:\/\/www.urpean.com\/wp-content\/uploads\/2024\/02\/2023-07-11_CAP_BIOSNAR-18-1-768x512.jpg 768w, https:\/\/www.urpean.com\/wp-content\/uploads\/2024\/02\/2023-07-11_CAP_BIOSNAR-18-1.jpg 900w\" sizes=\"auto, (max-width: 644px) 100vw, 644px\" \/><\/a><\/figure>\n\n\n\n<figure class=\"wp-block-image size-large\"><a href=\"https:\/\/www.urpean.com\/wp-content\/uploads\/2024\/02\/DSC_3226-1.jpg\"><img loading=\"lazy\" decoding=\"async\" width=\"600\" height=\"900\" data-id=\"9625\" src=\"https:\/\/www.urpean.com\/wp-content\/uploads\/2024\/02\/DSC_3226-1.jpg\" alt=\"\" class=\"wp-image-9625\" srcset=\"https:\/\/www.urpean.com\/wp-content\/uploads\/2024\/02\/DSC_3226-1.jpg 600w, https:\/\/www.urpean.com\/wp-content\/uploads\/2024\/02\/DSC_3226-1-200x300.jpg 200w\" sizes=\"auto, (max-width: 600px) 100vw, 600px\" \/><\/a><\/figure>\n\n\n\n<figure class=\"wp-block-image size-large\"><a href=\"https:\/\/www.urpean.com\/wp-content\/uploads\/2024\/02\/SME_3631-1.jpg\"><img loading=\"lazy\" decoding=\"async\" width=\"644\" height=\"429\" data-id=\"9624\" src=\"https:\/\/www.urpean.com\/wp-content\/uploads\/2024\/02\/SME_3631-1-644x429.jpg\" alt=\"\" class=\"wp-image-9624\" srcset=\"https:\/\/www.urpean.com\/wp-content\/uploads\/2024\/02\/SME_3631-1-644x429.jpg 644w, https:\/\/www.urpean.com\/wp-content\/uploads\/2024\/02\/SME_3631-1-300x200.jpg 300w, https:\/\/www.urpean.com\/wp-content\/uploads\/2024\/02\/SME_3631-1-768x512.jpg 768w, https:\/\/www.urpean.com\/wp-content\/uploads\/2024\/02\/SME_3631-1.jpg 900w\" sizes=\"auto, (max-width: 644px) 100vw, 644px\" \/><\/a><\/figure>\n\n\n\n<figure class=\"wp-block-image size-large\"><a href=\"https:\/\/www.urpean.com\/wp-content\/uploads\/2024\/02\/SME_3647-Avec-accentuation-1.jpg\"><img loading=\"lazy\" decoding=\"async\" width=\"644\" height=\"429\" data-id=\"9626\" src=\"https:\/\/www.urpean.com\/wp-content\/uploads\/2024\/02\/SME_3647-Avec-accentuation-1-644x429.jpg\" alt=\"\" class=\"wp-image-9626\" srcset=\"https:\/\/www.urpean.com\/wp-content\/uploads\/2024\/02\/SME_3647-Avec-accentuation-1-644x429.jpg 644w, https:\/\/www.urpean.com\/wp-content\/uploads\/2024\/02\/SME_3647-Avec-accentuation-1-300x200.jpg 300w, https:\/\/www.urpean.com\/wp-content\/uploads\/2024\/02\/SME_3647-Avec-accentuation-1-768x512.jpg 768w, https:\/\/www.urpean.com\/wp-content\/uploads\/2024\/02\/SME_3647-Avec-accentuation-1.jpg 900w\" sizes=\"auto, (max-width: 644px) 100vw, 644px\" \/><\/a><\/figure>\n<\/figure>\n","protected":false},"excerpt":{"rendered":"<p>Cette ann\u00e9e, les plongeurs du comit\u00e9 d\u00e9partemental 64 de la FFESSM f\u00eatent les 10 ans de leur proposition de voir la mise en place d\u2019une r\u00e9serve marine sur le littoral Basque. Une enveloppe financi\u00e8re suppl\u00e9mentaire pour continuer \u00e0 porter notre projet de protection de la biodiversit\u00e9 marine vient de nous \u00eatre attribu\u00e9e. Preuve de la&#8230;<\/p>\n","protected":false},"author":192,"featured_media":0,"comment_status":"closed","ping_status":"open","sticky":false,"template":"","format":"standard","meta":{"_crdt_document":"","ngg_post_thumbnail":0,"footnotes":""},"categories":[1],"tags":[],"class_list":["post-9611","post","type-post","status-publish","format-standard","hentry","category-non-classe"],"views":668,"_links":{"self":[{"href":"https:\/\/www.urpean.com\/index.php?rest_route=\/wp\/v2\/posts\/9611","targetHints":{"allow":["GET"]}}],"collection":[{"href":"https:\/\/www.urpean.com\/index.php?rest_route=\/wp\/v2\/posts"}],"about":[{"href":"https:\/\/www.urpean.com\/index.php?rest_route=\/wp\/v2\/types\/post"}],"author":[{"embeddable":true,"href":"https:\/\/www.urpean.com\/index.php?rest_route=\/wp\/v2\/users\/192"}],"replies":[{"embeddable":true,"href":"https:\/\/www.urpean.com\/index.php?rest_route=%2Fwp%2Fv2%2Fcomments&post=9611"}],"version-history":[{"count":6,"href":"https:\/\/www.urpean.com\/index.php?rest_route=\/wp\/v2\/posts\/9611\/revisions"}],"predecessor-version":[{"id":9632,"href":"https:\/\/www.urpean.com\/index.php?rest_route=\/wp\/v2\/posts\/9611\/revisions\/9632"}],"wp:attachment":[{"href":"https:\/\/www.urpean.com\/index.php?rest_route=%2Fwp%2Fv2%2Fmedia&parent=9611"}],"wp:term":[{"taxonomy":"category","embeddable":true,"href":"https:\/\/www.urpean.com\/index.php?rest_route=%2Fwp%2Fv2%2Fcategories&post=9611"},{"taxonomy":"post_tag","embeddable":true,"href":"https:\/\/www.urpean.com\/index.php?rest_route=%2Fwp%2Fv2%2Ftags&post=9611"}],"curies":[{"name":"wp","href":"https:\/\/api.w.org\/{rel}","templated":true}]}}