{"id":9812,"date":"2024-04-16T18:48:53","date_gmt":"2024-04-16T17:48:53","guid":{"rendered":"https:\/\/www.urpean.com\/?p=9812"},"modified":"2024-04-16T18:48:55","modified_gmt":"2024-04-16T17:48:55","slug":"gerard-noblet-nous-a-quitte","status":"publish","type":"post","link":"https:\/\/www.urpean.com\/?p=9812","title":{"rendered":"G\u00e9rard Noblet nous a quitt\u00e9"},"content":{"rendered":"\n<p>G\u00e9rard Noblet nous a quitt\u00e9 !<br \/>Son nom et son visage ne dit pas grand chose aux soci\u00e9taires d&rsquo; Urpean aujourd&rsquo;hui.<br \/>A son \u00e9poque, peu de photos, peu d&rsquo;articles dans Sud Ouest .<br \/>Et ceux qui parlaient du club ne parlaient pas de lui.<br \/>Un timide, ou un discret.<br \/>Dans les faits, un Personnage, chaleureux et convivial.<br \/>Bien qu&rsquo;issu d&rsquo;une vieille famille luzienne, il nous arrivait du Maroc, Mekn\u00e8s ou il \u00e9tait n\u00e9.<br \/>D&rsquo;o\u00f9 probablement son caract\u00e8re appr\u00e9ci\u00e9 de tous.<br \/>Dentiste de son \u00e9tat \u00e0 une \u00e9poque ou la corporation donnait \u00e9norm\u00e9ment \u00e0 Hendaye&#8230;<br \/>Quant il se lib\u00e9rait, au club, il s&rsquo;activait pour l&rsquo;organisation des f\u00eates avec Fran\u00e7oise,<br \/>son \u00e9pouse, et pour piloter le Manuelcho puis Les Deux Jumeaux.<br \/>Le pilote \u00e9tait d\u00e9j\u00e0 un personnage pivot.<br \/>Nous l&rsquo;avons retrouv\u00e9 avec plaisir chez les V\u00e9t\u00e9rans.<br \/>Tr\u00e8s pr\u00e9sent dans toutes nos activit\u00e9s, nous l&rsquo; appr\u00e9cions pour son humour et sa mani\u00e8re<br \/>de raconter les histoires.<\/p>\n<p>La liste s&rsquo;allonge de ceux qui partent. Autant de racines qui montrent que ce club,<br \/>plein d&rsquo;avenir, a aussi une histoire.<\/p>\n\n\n\n<figure class=\"wp-block-image size-full is-resized\"><a href=\"https:\/\/www.urpean.com\/wp-content\/uploads\/2024\/04\/Capture-decran-2024-04-16-192705-1.png\"><img loading=\"lazy\" decoding=\"async\" width=\"380\" height=\"498\" src=\"https:\/\/www.urpean.com\/wp-content\/uploads\/2024\/04\/Capture-decran-2024-04-16-192705-1.png\" alt=\"\" class=\"wp-image-9813\" style=\"width:374px;height:auto\" srcset=\"https:\/\/www.urpean.com\/wp-content\/uploads\/2024\/04\/Capture-decran-2024-04-16-192705-1.png 380w, https:\/\/www.urpean.com\/wp-content\/uploads\/2024\/04\/Capture-decran-2024-04-16-192705-1-229x300.png 229w\" sizes=\"auto, (max-width: 380px) 100vw, 380px\" \/><\/a><\/figure>\n\n\n","protected":false},"excerpt":{"rendered":"<p>G\u00e9rard Noblet nous a quitt\u00e9 !Son nom et son visage ne dit pas grand chose aux soci\u00e9taires d&rsquo; Urpean aujourd&rsquo;hui.A son \u00e9poque, peu de photos, peu d&rsquo;articles dans Sud Ouest .Et ceux qui parlaient du club ne parlaient pas de lui.Un timide, ou un discret.Dans les faits, un Personnage, chaleureux et convivial.Bien qu&rsquo;issu d&rsquo;une vieille&#8230;<\/p>\n","protected":false},"author":192,"featured_media":0,"comment_status":"closed","ping_status":"open","sticky":false,"template":"","format":"standard","meta":{"_crdt_document":"","ngg_post_thumbnail":0,"footnotes":""},"categories":[1],"tags":[],"class_list":["post-9812","post","type-post","status-publish","format-standard","hentry","category-non-classe"],"views":715,"_links":{"self":[{"href":"https:\/\/www.urpean.com\/index.php?rest_route=\/wp\/v2\/posts\/9812","targetHints":{"allow":["GET"]}}],"collection":[{"href":"https:\/\/www.urpean.com\/index.php?rest_route=\/wp\/v2\/posts"}],"about":[{"href":"https:\/\/www.urpean.com\/index.php?rest_route=\/wp\/v2\/types\/post"}],"author":[{"embeddable":true,"href":"https:\/\/www.urpean.com\/index.php?rest_route=\/wp\/v2\/users\/192"}],"replies":[{"embeddable":true,"href":"https:\/\/www.urpean.com\/index.php?rest_route=%2Fwp%2Fv2%2Fcomments&post=9812"}],"version-history":[{"count":1,"href":"https:\/\/www.urpean.com\/index.php?rest_route=\/wp\/v2\/posts\/9812\/revisions"}],"predecessor-version":[{"id":9814,"href":"https:\/\/www.urpean.com\/index.php?rest_route=\/wp\/v2\/posts\/9812\/revisions\/9814"}],"wp:attachment":[{"href":"https:\/\/www.urpean.com\/index.php?rest_route=%2Fwp%2Fv2%2Fmedia&parent=9812"}],"wp:term":[{"taxonomy":"category","embeddable":true,"href":"https:\/\/www.urpean.com\/index.php?rest_route=%2Fwp%2Fv2%2Fcategories&post=9812"},{"taxonomy":"post_tag","embeddable":true,"href":"https:\/\/www.urpean.com\/index.php?rest_route=%2Fwp%2Fv2%2Ftags&post=9812"}],"curies":[{"name":"wp","href":"https:\/\/api.w.org\/{rel}","templated":true}]}}